{"id":877,"date":"2024-08-28T22:10:05","date_gmt":"2024-08-29T02:10:05","guid":{"rendered":"https:\/\/agromt.news\/?p=877"},"modified":"2024-08-28T22:10:05","modified_gmt":"2024-08-29T02:10:05","slug":"bicudo-causa-grande-prejuizo-na-cana-de-acucar","status":"publish","type":"post","link":"https:\/\/agromt.news\/?p=877","title":{"rendered":"Bicudo causa grande preju\u00edzo na cana-de-a\u00e7\u00facar"},"content":{"rendered":"<p> <br \/>\n<\/p>\n<div>\n<div class=\"row\">\n<div class=\"col-lg col-infos mt-3 mt-lg-0\">\n<div class=\"section-sub-title\">\n<p itemprop=\"description\">\n\u201cOs danos s\u00e3o t\u00e3o severos que reduzem o n\u00famero de canas por metro, sem recupera\u00e7\u00e3o&#8221;\n<\/p>\n<\/div>\n<div class=\"container\">\n<div class=\"row\">\n<div class=\"col-lg p-0\">\n<div>\n<div class=\"block-news-main-infos mt-3 text-start\">\n<strong class=\"fn\" itemprop=\"author\" style=\"color: rgb(112, 112, 112); \"><br \/>\n<a href=\"https:\/\/www.agrolink.com.br\/noticias\/javascript:;\" class=\"text-uppercase\" target=\"_blank\" style=\"color: rgb(112, 112, 112); \" rel=\"noopener\">Agrolink<\/a><br \/>\n&#8211; Leonardo Gottems<br \/>\n<\/strong><br \/>\n<br \/>\n<abbr><time datetime=\"2024-08-27T17:14\" itemprop=\"datePublished dateModified\">Publicado em 27\/08\/2024 \u00e0s 17:14h.<\/time><\/abbr>\n<\/div>\n<\/div>\n<\/div>\n<div class=\"col-lg p-0 text-lg-end\">\n<div>\n<div id=\"mdEnviarPagina\" class=\"modal fade\" role=\"dialog\">\n<div class=\"modal-dialog\">\n<div class=\"modal-content\">\n<div class=\"modal-body\">\n<p><strong>Estimado usu\u00e1rio.<\/strong><br \/>Preencha o formul\u00e1rio abaixo para remeter a p\u00e1gina.<\/p>\n<\/div>\n<\/div>\n<\/div>\n<\/div>\n<\/div>\n<\/div>\n<\/div>\n<\/div>\n<\/div>\n<\/div>\n<div class=\"row justify-content-md-center mt-3\">\n<div class=\"col-lg-auto col-image  block-news-main-image d-none d-md-block\">\n<img decoding=\"async\" src=\"https:\/\/www.agrolink.com.br\/upload\/imagens-resizes\/93cede33aa4b48c09416d2fdf127b4b9_858x483.jpg\" class=\"lazyload\" alt=\"O Sphenophorus est\u00e1 presente em todas as regi\u00f5es produtoras de cana do Brasil\"\/><br \/>\n<span class=\"d-block mt-1\">O Sphenophorus est\u00e1 presente em todas as regi\u00f5es produtoras de cana do Brasil &#8211; Foto: Canva<\/span>\n<\/div>\n<\/div>\n<div class=\"section-description section-description-noticias mt-3\">\n<p>O bicudo da <a href=\"https:\/\/www.agrolink.com.br\/culturas\/cana-de-acucar\/?utm_source=agrolink-detalhe-noticia&amp;utm_medium=detalhe-noticia&amp;utm_campaign=links-internos\" target=\"_blank\" rel=\"noopener\">cana-de-a\u00e7\u00facar<\/a> (Sphenophorus levis) \u00e9 a principal praga do setor canavieiro devido \u00e0 sua dif\u00edcil gest\u00e3o, causando perdas de 1,6 toneladas de produtividade para cada 1% de toco atacado. Cerca de 40% dos canaviais brasileiros, ou 3,5 milh\u00f5es de hectares, s\u00e3o tratados anualmente para controle dessa praga.\u00a0\n<\/p>\n<p>Segundo Maur\u00edcio Oliveira, gerente de marketing regional da FMC, a praga reduz significativamente a produ\u00e7\u00e3o, especialmente em S\u00e3o Paulo, onde h\u00e1 uma perda estimada de 10 toneladas por hectare ao ano. A larva do bicudo, que vive nos rizomas da cana, \u00e9 a principal respons\u00e1vel pelos danos, matando os perfilhos e reduzindo a produtividade.<\/p>\n<p>\u201cOs danos s\u00e3o t\u00e3o severos que reduzem o n\u00famero de canas por metro e n\u00e3o h\u00e1 recupera\u00e7\u00e3o. Alguns canaviais s\u00e3o reformados no terceiro corte, sendo que a m\u00e9dia de cortes pode chegar a 6 cortes. No estado de S\u00e3o Paulo, por exemplo, estima-se que cerca de 10 toneladas por hectare s\u00e3o perdidas, todos os anos. Isso torna cada vez mais importante que o manejo seja adotado em todas as fases da praga e, tamb\u00e9m, desde a fase de plantio da cana-de-a\u00e7\u00facar\u201d, explica Maur\u00edcio Oliveira, gerente de marketing regional da FMC.\n<\/p>\n<p>O Sphenophorus est\u00e1 presente em todas as regi\u00f5es produtoras de cana do Brasil, espalhando-se principalmente pelo transporte de mudas e cana para a ind\u00fastria. Em \u00e1reas com alta infesta\u00e7\u00e3o, a praga \u00e9 geralmente detectada quando o n\u00edvel j\u00e1 \u00e9 elevado. Para minimizar essa infesta\u00e7\u00e3o e garantir alta produtividade, \u00e9 essencial adotar pr\u00e1ticas e tecnologias desde a forma\u00e7\u00e3o do viveiro. A FMC oferece solu\u00e7\u00f5es como o inseticida Premio\u00ae Star, que possui a\u00e7\u00e3o multipragas e dupla a\u00e7\u00e3o, controlando o Sphenophorus, a broca-da-cana e a broca-dos-rizomas, garantindo melhor prote\u00e7\u00e3o e um per\u00edodo prolongado de controle no canavial.<br \/>\u00a0<\/p>\n<\/div>\n<\/div>\n<p><script data-cfasync=\"false\">\n    !function (f, b, e, v, n, t, s) {\n        if (f.fbq) return; n = f.fbq = function () {\n            n.callMethod ?\n                n.callMethod.apply(n, arguments) : n.queue.push(arguments)\n        };\n        if (!f._fbq) f._fbq = n; n.push = n; n.loaded = !0; n.version = '2.0';\n        n.queue = []; t = b.createElement(e); t.async = !0;\n        t.src = v; s = b.getElementsByTagName(e)[0];\n        s.parentNode.insertBefore(t, s)\n    }(window, document, 'script',\n        'https:\/\/connect.facebook.net\/en_US\/fbevents.js');\n    fbq('init', '522546078623747');\n    fbq('track', 'PageView');\n<\/script><br \/>\n<br \/><br \/>\n<br \/><a href=\"https:\/\/www.agrolink.com.br\/noticias\/bicudo-causa-grande-prejuizo-na-cana-de-acucar_494395.html\">Source link <\/a><\/p>\n","protected":false},"excerpt":{"rendered":"<p>\u201cOs danos s\u00e3o t\u00e3o severos que reduzem o n\u00famero de canas por metro, sem recupera\u00e7\u00e3o&#8221; Agrolink &#8211; Leonardo Gottems Publicado<\/p>\n","protected":false},"author":1,"featured_media":878,"comment_status":"open","ping_status":"open","sticky":false,"template":"","format":"standard","meta":{"_monsterinsights_skip_tracking":false,"_monsterinsights_sitenote_active":false,"_monsterinsights_sitenote_note":"","_monsterinsights_sitenote_category":0,"_uf_show_specific_survey":0,"_uf_disable_surveys":false,"footnotes":""},"categories":[8,1,14],"tags":[],"class_list":["post-877","post","type-post","status-publish","format-standard","has-post-thumbnail","hentry","category-agro","category-news","category-politica-agro"],"_links":{"self":[{"href":"https:\/\/agromt.news\/index.php?rest_route=\/wp\/v2\/posts\/877"}],"collection":[{"href":"https:\/\/agromt.news\/index.php?rest_route=\/wp\/v2\/posts"}],"about":[{"href":"https:\/\/agromt.news\/index.php?rest_route=\/wp\/v2\/types\/post"}],"author":[{"embeddable":true,"href":"https:\/\/agromt.news\/index.php?rest_route=\/wp\/v2\/users\/1"}],"replies":[{"embeddable":true,"href":"https:\/\/agromt.news\/index.php?rest_route=%2Fwp%2Fv2%2Fcomments&post=877"}],"version-history":[{"count":0,"href":"https:\/\/agromt.news\/index.php?rest_route=\/wp\/v2\/posts\/877\/revisions"}],"wp:featuredmedia":[{"embeddable":true,"href":"https:\/\/agromt.news\/index.php?rest_route=\/wp\/v2\/media\/878"}],"wp:attachment":[{"href":"https:\/\/agromt.news\/index.php?rest_route=%2Fwp%2Fv2%2Fmedia&parent=877"}],"wp:term":[{"taxonomy":"category","embeddable":true,"href":"https:\/\/agromt.news\/index.php?rest_route=%2Fwp%2Fv2%2Fcategories&post=877"},{"taxonomy":"post_tag","embeddable":true,"href":"https:\/\/agromt.news\/index.php?rest_route=%2Fwp%2Fv2%2Ftags&post=877"}],"curies":[{"name":"wp","href":"https:\/\/api.w.org\/{rel}","templated":true}]}}