{"id":873,"date":"2024-08-28T14:23:55","date_gmt":"2024-08-28T18:23:55","guid":{"rendered":"https:\/\/agromt.news\/?p=873"},"modified":"2024-08-28T14:23:55","modified_gmt":"2024-08-28T18:23:55","slug":"medidas-de-apoio-ao-produtor-fortalecem-a-cadeia-lactea-de-goias","status":"publish","type":"post","link":"https:\/\/agromt.news\/?p=873","title":{"rendered":"Medidas de apoio ao produtor fortalecem a cadeia l\u00e1ctea de Goi\u00e1s"},"content":{"rendered":"<p> <br \/>\n<\/p>\n<div>\n<p style=\"text-align:justify\">Apenas no primeiro trimestre de 2024, a cadeia l\u00e1ctea de Goi\u00e1s registrou a produ\u00e7\u00e3o de 558,6 milh\u00f5es de litros de leite industrializado, ocupando a quinta posi\u00e7\u00e3o no ranking nacional. O setor, por\u00e9m, enfrentou muitos desafios nos \u00faltimos anos, como a queda de pre\u00e7os, eleva\u00e7\u00e3o de custos de produ\u00e7\u00e3o e concorr\u00eancia de produtos importados.\n<\/p>\n<p style=\"text-align:justify\">Essa situa\u00e7\u00e3o levou o Governo de Goi\u00e1s a adotar uma s\u00e9rie de medidas de apoio ao segmento. Em mar\u00e7o deste ano, por exemplo, o governador Ronaldo Caiado anunciou a retirada de benef\u00edcios fiscais de latic\u00ednios que importam leite e derivados de outros pa\u00edses, por meio de altera\u00e7\u00e3o em lei e publica\u00e7\u00e3o de decretos.<\/p>\n<p style=\"text-align:justify\">Tamb\u00e9m lutou pela cria\u00e7\u00e3o de uma linha de cr\u00e9dito espec\u00edfica para a bovinocultura leiteira no \u00e2mbito do Fundo Constitucional de Financiamento do Centro-Oeste (FCO). Em vigor desde janeiro deste ano, o FCO Leite oferece menores taxas de juros e car\u00eancia mais longa para pagamento.<\/p>\n<p style=\"text-align:justify\">J\u00e1 no m\u00eas de maio, o Goi\u00e1s Social, em parceria com a Secretaria de Estado da Agricultura, Pecu\u00e1ria e Abastecimento (Seapa) e a Ag\u00eancia Goiana de Assist\u00eancia T\u00e9cnica, Extens\u00e3o Rural e Pesquisa Agropecu\u00e1ria (Emater), promoveu a doa\u00e7\u00e3o de milho a produtores de leite do estado, aliviando os custos com insumos.\n<\/p>\n<p style=\"text-align:justify\"><strong>PAA Leite<\/strong><\/p>\n<p style=\"text-align:justify\">Na esfera da comercializa\u00e7\u00e3o do leite, o Goi\u00e1s Social lan\u00e7ou tamb\u00e9m uma edi\u00e7\u00e3o do Programa de Aquisi\u00e7\u00e3o de Alimentos espec\u00edfica para a cadeia l\u00e1ctea: o PAA Leite.<\/p>\n<p style=\"text-align:justify\">\u201cCom o Agro \u00e9 Social, o Goi\u00e1s Social se faz presente na vida dos pequenos produtores da agricultura familiar de Goi\u00e1s, e com a cadeia produtiva do leite n\u00e3o \u00e9 diferente. Com esses incentivos, n\u00f3s garantimos gera\u00e7\u00e3o de renda para essas fam\u00edlias ao mesmo tempo que melhoramos a qualidade da produ\u00e7\u00e3o e fortalecemos a economia do nosso Estado\u201d, afirma a coordenadora do Goi\u00e1s Social, primeira-dama Gracinha Caiado.<\/p>\n<p style=\"text-align:justify\">Por meio do PAA Leite, cujo edital foi publicado no final de julho, o Estado ir\u00e1 adquirir o produto de organiza\u00e7\u00f5es associativas e cooperativas de agricultores familiares. Conforme destaca o titular da Seapa, Pedro Leonardo Rezende, essas pessoas s\u00e3o as mais impactadas pelas oscila\u00e7\u00f5es do segmento.<\/p>\n<p style=\"text-align:justify\">\u201cAproximadamente 52% de todo o leite que \u00e9 produzido em Goi\u00e1s vem de propriedades rurais da agricultura familiar. \u00c9 um perfil de produtores que precisa cada vez mais de pol\u00edticas p\u00fablicas eficientes\u201d, pontua.<\/p>\n<p style=\"text-align:justify\"><strong>Concilia\u00e7\u00e3o<\/strong><\/p>\n<p style=\"text-align:justify\">Outra medida importante, levando em considera\u00e7\u00e3o a necessidade de apoiar o produtor na precifica\u00e7\u00e3o do leite, foi a institui\u00e7\u00e3o do \u00cdndice de Pre\u00e7os de Derivados L\u00e1cteos. O indicador se tornou uma refer\u00eancia para a defini\u00e7\u00e3o do pre\u00e7o pago pelo leite ao produtor rural no m\u00eas seguinte \u00e0 comercializa\u00e7\u00e3o.\n<\/p>\n<p style=\"text-align:justify\">\u201cEsse \u00edndice demonstra a varia\u00e7\u00e3o dos pre\u00e7os da cesta de derivados l\u00e1cteos, reduzindo a imprevisibilidade e possibilitando que os valores pagos aos produtores sejam mais justos\u201d, explica o secret\u00e1rio Pedro Leonardo.<\/p>\n<p style=\"text-align:justify\">A metodologia do \u00edndice foi estabelecida pela C\u00e2mara T\u00e9cnica de Concilia\u00e7\u00e3o da Cadeia L\u00e1ctea, um ambiente de negocia\u00e7\u00e3o que tem como objetivo o aumento da transpar\u00eancia e a redu\u00e7\u00e3o de conflitos na cadeia l\u00e1ctea de Goi\u00e1s.<\/p>\n<\/div>\n<p><script data-cfasync=\"false\">\n    !function (f, b, e, v, n, t, s) {\n        if (f.fbq) return; n = f.fbq = function () {\n            n.callMethod ?\n                n.callMethod.apply(n, arguments) : n.queue.push(arguments)\n        };\n        if (!f._fbq) f._fbq = n; n.push = n; n.loaded = !0; n.version = '2.0';\n        n.queue = []; t = b.createElement(e); t.async = !0;\n        t.src = v; s = b.getElementsByTagName(e)[0];\n        s.parentNode.insertBefore(t, s)\n    }(window, document, 'script',\n        'https:\/\/connect.facebook.net\/en_US\/fbevents.js');\n    fbq('init', '522546078623747');\n    fbq('track', 'PageView');\n<\/script><br \/>\n<br \/><br \/>\n<br \/><a href=\"https:\/\/www.agrolink.com.br\/noticias\/medidas-de-apoio-ao-produtor-fortalecem-a-cadeia-lactea-de-goias_494396.html\">Source link <\/a><\/p>\n","protected":false},"excerpt":{"rendered":"<p>Apenas no primeiro trimestre de 2024, a cadeia l\u00e1ctea de Goi\u00e1s registrou a produ\u00e7\u00e3o de 558,6 milh\u00f5es de litros de<\/p>\n","protected":false},"author":1,"featured_media":874,"comment_status":"open","ping_status":"open","sticky":false,"template":"","format":"standard","meta":{"_monsterinsights_skip_tracking":false,"_monsterinsights_sitenote_active":false,"_monsterinsights_sitenote_note":"","_monsterinsights_sitenote_category":0,"_uf_show_specific_survey":0,"_uf_disable_surveys":false,"footnotes":""},"categories":[8,1,14],"tags":[],"class_list":["post-873","post","type-post","status-publish","format-standard","has-post-thumbnail","hentry","category-agro","category-news","category-politica-agro"],"_links":{"self":[{"href":"https:\/\/agromt.news\/index.php?rest_route=\/wp\/v2\/posts\/873"}],"collection":[{"href":"https:\/\/agromt.news\/index.php?rest_route=\/wp\/v2\/posts"}],"about":[{"href":"https:\/\/agromt.news\/index.php?rest_route=\/wp\/v2\/types\/post"}],"author":[{"embeddable":true,"href":"https:\/\/agromt.news\/index.php?rest_route=\/wp\/v2\/users\/1"}],"replies":[{"embeddable":true,"href":"https:\/\/agromt.news\/index.php?rest_route=%2Fwp%2Fv2%2Fcomments&post=873"}],"version-history":[{"count":0,"href":"https:\/\/agromt.news\/index.php?rest_route=\/wp\/v2\/posts\/873\/revisions"}],"wp:featuredmedia":[{"embeddable":true,"href":"https:\/\/agromt.news\/index.php?rest_route=\/wp\/v2\/media\/874"}],"wp:attachment":[{"href":"https:\/\/agromt.news\/index.php?rest_route=%2Fwp%2Fv2%2Fmedia&parent=873"}],"wp:term":[{"taxonomy":"category","embeddable":true,"href":"https:\/\/agromt.news\/index.php?rest_route=%2Fwp%2Fv2%2Fcategories&post=873"},{"taxonomy":"post_tag","embeddable":true,"href":"https:\/\/agromt.news\/index.php?rest_route=%2Fwp%2Fv2%2Ftags&post=873"}],"curies":[{"name":"wp","href":"https:\/\/api.w.org\/{rel}","templated":true}]}}