{"id":8703,"date":"2025-01-28T14:19:58","date_gmt":"2025-01-28T18:19:58","guid":{"rendered":"https:\/\/agromt.news\/?p=8703"},"modified":"2025-01-28T14:19:58","modified_gmt":"2025-01-28T18:19:58","slug":"interior-de-sp-enfrenta-surto-de-dengue-com-mais-de-30-mil-casos-e-16-mortes","status":"publish","type":"post","link":"https:\/\/agromt.news\/?p=8703","title":{"rendered":"Interior de SP enfrenta surto de dengue com mais de 30 mil casos e 16 mortes"},"content":{"rendered":"<p> <br \/>\n<br \/><img decoding=\"async\" src=\"https:\/\/agromt.news\/wp-content\/uploads\/2025\/01\/Interior-de-SP-enfrenta-surto-de-dengue-com-mais-de.jpg\" \/><\/p>\n<div>\n<p>O interior de <strong><a href=\"https:\/\/www.canalrural.com.br\/tag\/s%C3%A3opaulo\/\">S\u00e3o Paulo<\/a><\/strong> vive uma grave situa\u00e7\u00e3o de sa\u00fade p\u00fablica devido ao surto de dengue. Desde o in\u00edcio do ano, j\u00e1 foram registrados mais de 32 mil casos da doen\u00e7a e 16 mortes em todo o estado. A regi\u00e3o do Noroeste Paulista, que inclui Ara\u00e7atuba, S\u00e3o Jos\u00e9 do Rio Preto, S\u00e3o Jo\u00e3o da Boa Vista, Araraquara e Ribeir\u00e3o Preto, \u00e9 a mais afetada, concentrando 25.850 casos e quase metade das mortes confirmadas.<\/p>\n<h2 class=\"wp-block-heading\" id=\"h-medidas\">Medidas<\/h2>\n<p>Para enfrentar a epidemia, o governador Tarc\u00edsio de Freitas (Republicanos) anunciou um repasse de R$ 228 milh\u00f5es do IGM SUS Paulista (Incentivo \u00e0 Gest\u00e3o Municipal), recurso destinado a apoiar as cidades no combate a doen\u00e7as transmitidas por mosquitos. Al\u00e9m disso, foi criado o Centro de Opera\u00e7\u00f5es de Emerg\u00eancias (COE), que coordenar\u00e1 estrat\u00e9gias e a\u00e7\u00f5es contra o Aedes aegypti, transmissor da dengue, chikungunya e Zika.<\/p>\n<p>O COE ser\u00e1 composto por diversas secretarias estaduais, como Sa\u00fade, Educa\u00e7\u00e3o, Meio Ambiente e Seguran\u00e7a P\u00fablica, al\u00e9m de contar com a participa\u00e7\u00e3o do Ex\u00e9rcito e do Conselho de Secret\u00e1rios Municipais de Sa\u00fade. A prioridade ser\u00e1 planejar e executar a\u00e7\u00f5es como pulveriza\u00e7\u00e3o de \u00e1reas cr\u00edticas, aquisi\u00e7\u00e3o de equipamentos e refor\u00e7o no combate ao mosquito.<\/p>\n<blockquote class=\"wp-block-quote is-layout-flow wp-block-quote-is-layout-flow\">\n<p>\u201cDesde o ano passado, o Estado tem adotado uma s\u00e9rie de medidas preventivas. Al\u00e9m do repasse recorde do IGM SUS Paulista, vamos adquirir mais 100 equipamentos de nebuliza\u00e7\u00e3o port\u00e1til, totalizando 730 unidades, al\u00e9m de ampliar o n\u00famero de m\u00e1quinas pesadas para combate, que chegar\u00e3o a 55 unidades,\u201d afirmou o secret\u00e1rio estadual de Sa\u00fade, Eleuses Paiva.<\/p>\n<\/blockquote>\n<\/div>\n<div>\n<h2 class=\"wp-block-heading\" id=\"h-dengue-sintomas-e-prevencao\">Dengue: sintomas e preven\u00e7\u00e3o<\/h2>\n<p>A dengue \u00e9 uma doen\u00e7a viral transmitida pela picada da f\u00eamea do mosquito Aedes aegypti infectado. Os principais sintomas incluem febre alta, dores no corpo, atr\u00e1s dos olhos e nas articula\u00e7\u00f5es, al\u00e9m de manchas avermelhadas na pele e coceira.<\/p>\n<p>Para evitar a prolifera\u00e7\u00e3o do mosquito, \u00e9 essencial:<\/p>\n<ul class=\"wp-block-list\">\n<li>Eliminar criadouros: esvaziar recipientes com \u00e1gua parada<\/li>\n<li>Proteger-se contra picadas: usar repelente e roupas que cubram a pele<\/li>\n<li>Adotar barreiras f\u00edsicas: instalar telas em portas e janelas<\/li>\n<li>Participar de a\u00e7\u00f5es comunit\u00e1rias: contribuir com programas de controle de vetores.<\/li>\n<\/ul>\n<p>Com a intensifica\u00e7\u00e3o das medidas do governo e o apoio da popula\u00e7\u00e3o, a expectativa \u00e9 conter a prolifera\u00e7\u00e3o do mosquito e reduzir os impactos da doen\u00e7a no estado.<\/p>\n<\/p><\/div>\n<p><br \/>\n<br \/><a href=\"https:\/\/www.canalrural.com.br\/nacional\/interior-de-sp-enfrenta-surto-de-dengue-com-mais-de-30-mil-casos-e-16-mortes\/\">Source link <\/a><\/p>\n","protected":false},"excerpt":{"rendered":"<p>O interior de S\u00e3o Paulo vive uma grave situa\u00e7\u00e3o de sa\u00fade p\u00fablica devido ao surto de dengue. Desde o in\u00edcio<\/p>\n","protected":false},"author":1,"featured_media":8704,"comment_status":"open","ping_status":"open","sticky":false,"template":"","format":"standard","meta":{"_monsterinsights_skip_tracking":false,"_monsterinsights_sitenote_active":false,"_monsterinsights_sitenote_note":"","_monsterinsights_sitenote_category":0,"_uf_show_specific_survey":0,"_uf_disable_surveys":false,"footnotes":""},"categories":[1],"tags":[],"class_list":["post-8703","post","type-post","status-publish","format-standard","has-post-thumbnail","hentry","category-news"],"_links":{"self":[{"href":"https:\/\/agromt.news\/index.php?rest_route=\/wp\/v2\/posts\/8703"}],"collection":[{"href":"https:\/\/agromt.news\/index.php?rest_route=\/wp\/v2\/posts"}],"about":[{"href":"https:\/\/agromt.news\/index.php?rest_route=\/wp\/v2\/types\/post"}],"author":[{"embeddable":true,"href":"https:\/\/agromt.news\/index.php?rest_route=\/wp\/v2\/users\/1"}],"replies":[{"embeddable":true,"href":"https:\/\/agromt.news\/index.php?rest_route=%2Fwp%2Fv2%2Fcomments&post=8703"}],"version-history":[{"count":0,"href":"https:\/\/agromt.news\/index.php?rest_route=\/wp\/v2\/posts\/8703\/revisions"}],"wp:featuredmedia":[{"embeddable":true,"href":"https:\/\/agromt.news\/index.php?rest_route=\/wp\/v2\/media\/8704"}],"wp:attachment":[{"href":"https:\/\/agromt.news\/index.php?rest_route=%2Fwp%2Fv2%2Fmedia&parent=8703"}],"wp:term":[{"taxonomy":"category","embeddable":true,"href":"https:\/\/agromt.news\/index.php?rest_route=%2Fwp%2Fv2%2Fcategories&post=8703"},{"taxonomy":"post_tag","embeddable":true,"href":"https:\/\/agromt.news\/index.php?rest_route=%2Fwp%2Fv2%2Ftags&post=8703"}],"curies":[{"name":"wp","href":"https:\/\/api.w.org\/{rel}","templated":true}]}}