{"id":8700,"date":"2025-01-28T13:45:45","date_gmt":"2025-01-28T17:45:45","guid":{"rendered":"https:\/\/agromt.news\/?p=8700"},"modified":"2025-01-28T13:45:45","modified_gmt":"2025-01-28T17:45:45","slug":"parana-abre-edital-de-r-77-milhoes-para-compras-direta-de-alimentos","status":"publish","type":"post","link":"https:\/\/agromt.news\/?p=8700","title":{"rendered":"Paran\u00e1 abre edital de R$ 77 milh\u00f5es para Compras Direta de alimentos"},"content":{"rendered":"<p> <br \/>\n<\/p>\n<div>\n<p style=\"text-align:justify\">O Governo do Estado, por meio da Secretaria de Estado da Agricultura e do Abastecimento, anunciou nesta segunda-feira (27) o edital de Chamada P\u00fablica Eletr\u00f4nica para o programa Compra Direta Paran\u00e1. Nesta edi\u00e7\u00e3o, ser\u00e3o destinados R$ 77 milh\u00f5es, provenientes do Fundo Estadual de Combate \u00e0 Pobreza. A partir de 30 de janeiro, estar\u00e1 aberto o sistema para o recebimento das propostas.&#13;\n<\/p>\n<p style=\"text-align:justify\">O programa visa adquirir alimentos produzidos pela agricultura familiar no Paran\u00e1, que ser\u00e3o destinados \u00e0 rede socioassistencial do estado, incluindo restaurantes populares, cozinhas comunit\u00e1rias, hospitais filantr\u00f3picos, al\u00e9m de Centros de Refer\u00eancia em Assist\u00eancia Social (Cras) e Centros de Refer\u00eancia Especializados em Assist\u00eancia Social (Creas), entre outros.<\/p>\n<p style=\"text-align:justify\">A iniciativa visa fortalecer circuitos locais e regionais de comercializa\u00e7\u00e3o, al\u00e9m de valorizar a biodiversidade, promover a produ\u00e7\u00e3o org\u00e2nica, incentivar h\u00e1bitos alimentares saud\u00e1veis e estimular o cooperativismo. O limite para cada Declara\u00e7\u00e3o Aptid\u00e3o ao Programa Nacional de Fortalecimento da Agricultura Familiar (DAP\/CAF Jur\u00eddica) \u00e9 de R$ 200 mil.&#13;\n<\/p>\n<p style=\"text-align:justify\">O edital tamb\u00e9m traz novidades, como o incremento das quantidades a serem adquiridas nos munic\u00edpios que comp\u00f5em a Rota do Progresso, com foco em \u00e1reas de menor \u00cdndice Ipardes de Desempenho Municipal. Outra novidade \u00e9 a inclus\u00e3o de alimentos org\u00e2nicos, como frutas, hortali\u00e7as e legumes, que ter\u00e3o um adicional de at\u00e9 30% no valor da compra, garantindo, ainda, an\u00e1lise dos res\u00edduos de agrot\u00f3xicos.<\/p>\n<p style=\"text-align:justify\">Desde 2020, a chamada p\u00fablica utiliza um sistema informatizado desenvolvido pela Celepar, que facilita todo o processo, desde o cadastro dos agricultores at\u00e9 a execu\u00e7\u00e3o dos contratos, beneficiando cerca de mil entidades em todo o estado.<\/p>\n<p style=\"text-align:justify\">O Compra Direta Paran\u00e1 \u00e9 exclusivo para organiza\u00e7\u00f5es com a DAP\/CAF Jur\u00eddica e residentes no estado, com exig\u00eancia de funcionamento por pelo menos um ano. As contrata\u00e7\u00f5es ter\u00e3o dura\u00e7\u00e3o de 12 meses, com possibilidade de extens\u00e3o por at\u00e9 cinco anos. A entrega dos produtos est\u00e1 prevista para iniciar em abril e se estender at\u00e9 abril de 2026.&#13;\n<\/p>\n<\/p><\/div>\n<p><script data-cfasync=\"false\">\n    !function (f, b, e, v, n, t, s) {\n        if (f.fbq) return; n = f.fbq = function () {\n            n.callMethod ?\n                n.callMethod.apply(n, arguments) : n.queue.push(arguments)\n        };\n        if (!f._fbq) f._fbq = n; n.push = n; n.loaded = !0; n.version = '2.0';\n        n.queue = []; t = b.createElement(e); t.async = !0;\n        t.src = v; s = b.getElementsByTagName(e)[0];\n        s.parentNode.insertBefore(t, s)\n    }(window, document, 'script',\n        'https:\/\/connect.facebook.net\/en_US\/fbevents.js');\n    fbq('init', '522546078623747');\n    fbq('track', 'PageView');\n<\/script><br \/>\n<br \/><br \/>\n<br \/><a href=\"https:\/\/www.agrolink.com.br\/noticias\/parana-abre-edital-de-r--77-milhoes-para-compras-direta-de-alimentos_498781.html\">Source link <\/a><\/p>\n","protected":false},"excerpt":{"rendered":"<p>O Governo do Estado, por meio da Secretaria de Estado da Agricultura e do Abastecimento, anunciou nesta segunda-feira (27) o<\/p>\n","protected":false},"author":1,"featured_media":8701,"comment_status":"open","ping_status":"open","sticky":false,"template":"","format":"standard","meta":{"_monsterinsights_skip_tracking":false,"_monsterinsights_sitenote_active":false,"_monsterinsights_sitenote_note":"","_monsterinsights_sitenote_category":0,"_uf_show_specific_survey":0,"_uf_disable_surveys":false,"footnotes":""},"categories":[8,1,14],"tags":[],"class_list":["post-8700","post","type-post","status-publish","format-standard","has-post-thumbnail","hentry","category-agro","category-news","category-politica-agro"],"_links":{"self":[{"href":"https:\/\/agromt.news\/index.php?rest_route=\/wp\/v2\/posts\/8700"}],"collection":[{"href":"https:\/\/agromt.news\/index.php?rest_route=\/wp\/v2\/posts"}],"about":[{"href":"https:\/\/agromt.news\/index.php?rest_route=\/wp\/v2\/types\/post"}],"author":[{"embeddable":true,"href":"https:\/\/agromt.news\/index.php?rest_route=\/wp\/v2\/users\/1"}],"replies":[{"embeddable":true,"href":"https:\/\/agromt.news\/index.php?rest_route=%2Fwp%2Fv2%2Fcomments&post=8700"}],"version-history":[{"count":0,"href":"https:\/\/agromt.news\/index.php?rest_route=\/wp\/v2\/posts\/8700\/revisions"}],"wp:featuredmedia":[{"embeddable":true,"href":"https:\/\/agromt.news\/index.php?rest_route=\/wp\/v2\/media\/8701"}],"wp:attachment":[{"href":"https:\/\/agromt.news\/index.php?rest_route=%2Fwp%2Fv2%2Fmedia&parent=8700"}],"wp:term":[{"taxonomy":"category","embeddable":true,"href":"https:\/\/agromt.news\/index.php?rest_route=%2Fwp%2Fv2%2Fcategories&post=8700"},{"taxonomy":"post_tag","embeddable":true,"href":"https:\/\/agromt.news\/index.php?rest_route=%2Fwp%2Fv2%2Ftags&post=8700"}],"curies":[{"name":"wp","href":"https:\/\/api.w.org\/{rel}","templated":true}]}}