{"id":8684,"date":"2025-01-28T09:23:42","date_gmt":"2025-01-28T13:23:42","guid":{"rendered":"https:\/\/agromt.news\/?p=8684"},"modified":"2025-01-28T09:23:42","modified_gmt":"2025-01-28T13:23:42","slug":"estimativa-aponta-queda-de-44-na-producao-de-cafe-em-2025-diz-conab","status":"publish","type":"post","link":"https:\/\/agromt.news\/?p=8684","title":{"rendered":"Estimativa aponta queda de 4,4% na produ\u00e7\u00e3o de caf\u00e9 em 2025, diz Conab"},"content":{"rendered":"<p> <br \/>\n<br \/><img decoding=\"async\" src=\"https:\/\/agromt.news\/wp-content\/uploads\/2024\/12\/Conab-avalia-impacto-climatico-no-cafe-e-divulga-projecoes-para.jpg\" \/><\/p>\n<div>\n<p>A produ\u00e7\u00e3o de <strong><a href=\"https:\/\/www.canalrural.com.br\/tag\/caf%C3%A9\/\">caf\u00e9<\/a><\/strong> no Brasil para 2025 est\u00e1 estimada em 51,8 milh\u00f5es de sacas beneficiadas, uma redu\u00e7\u00e3o de 4,4% em rela\u00e7\u00e3o \u00e0 safra anterior, segundo a primeira estimativa da <strong><a href=\"https:\/\/www.canalrural.com.br\/tag\/conab\/\">Companhia Nacional de Abastecimento (Conab)<\/a><\/strong>. O rendimento m\u00e9dio nacional tamb\u00e9m deve recuar, atingindo 28 sacas por hectare, 3% abaixo de 2024, reflexo da seca, altas temperaturas e do ciclo de baixa bienalidade.<\/p>\n<h2 class=\"wp-block-heading\" id=\"h-cafe-arabica\">Caf\u00e9 ar\u00e1bica<\/h2>\n<p>A produ\u00e7\u00e3o do ar\u00e1bica est\u00e1 estimada em 34,7 milh\u00f5es de sacas, uma queda de 12,4% em rela\u00e7\u00e3o a 2024. Minas Gerais, maior produtor nacional, ser\u00e1 fortemente impactado, com redu\u00e7\u00e3o de 12,1%, atingindo 24,8 milh\u00f5es de sacas.<\/p>\n<h2 class=\"wp-block-heading\" id=\"h-cafe-conilon\">Caf\u00e9 conilon<\/h2>\n<p>O conilon, por outro lado, deve registrar um crescimento expressivo de 17,2%, alcan\u00e7ando 17,1 milh\u00f5es de sacas. O Esp\u00edrito Santo lidera a produ\u00e7\u00e3o dessa variedade, com alta de 20,1%, totalizando 11,8 milh\u00f5es de sacas, impulsionado pelas boas condi\u00e7\u00f5es clim\u00e1ticas.<\/p>\n<h2 class=\"wp-block-heading\" id=\"h-outros-estados-produtores\">Outros estados produtores<\/h2>\n<ul class=\"wp-block-list\">\n<li>Bahia: crescimento de 11,3%, com 3,4 milh\u00f5es de sacas (conilon e ar\u00e1bica)<\/li>\n<li>S\u00e3o Paulo: Redu\u00e7\u00e3o de 15,3%, com 4,6 milh\u00f5es de sacas de ar\u00e1bica<\/li>\n<li>Rond\u00f4nia: Produ\u00e7\u00e3o de 2,2 milh\u00f5es de sacas (+6,5%)<\/li>\n<li>Rio de Janeiro e Paran\u00e1: Produ\u00e7\u00f5es estimadas em 373,7 mil e 675,3 mil sacas, respectivamente<\/li>\n<\/ul>\n<\/div>\n<div>\n<h2 class=\"wp-block-heading\" id=\"h-mercado-global\">Mercado global<\/h2>\n<p>Segundo o USDA, a produ\u00e7\u00e3o mundial de caf\u00e9 para 2024\/25 deve atingir 174,9 milh\u00f5es de sacas (+4,1%), enquanto o consumo global est\u00e1 projetado em 168,1 milh\u00f5es de sacas. Apesar disso, os estoques finais devem cair para 20,9 milh\u00f5es de sacas, o menor n\u00edvel em 25 anos, sustentando pre\u00e7os elevados nas bolsas internacionais.<\/p>\n<h2 class=\"wp-block-heading\" id=\"h-exportacoes-brasileiras\">Exporta\u00e7\u00f5es brasileiras<\/h2>\n<p>Em 2024, o Brasil exportou um recorde de 50,5 milh\u00f5es de sacas, gerando receita de US$ 12,3 bilh\u00f5es, um aumento de 52,6% em compara\u00e7\u00e3o com 2023. Esse desempenho foi impulsionado pela valoriza\u00e7\u00e3o do caf\u00e9 no mercado externo e pela alta do d\u00f3lar.<\/p>\n<p>Os estoques nacionais ca\u00edram 24% em 2024, totalizando 13,7 milh\u00f5es de sacas, acompanhando a forte demanda externa. A tend\u00eancia \u00e9 de novos recuos, refletindo a press\u00e3o global por caf\u00e9 brasileiro.<\/p>\n<p>Com informa\u00e7\u00f5es da <strong>Conab<\/strong>.<\/p>\n<\/p><\/div>\n<p><br \/>\n<br \/><a href=\"https:\/\/www.canalrural.com.br\/agricultura\/estimativa-aponta-queda-de-44-na-producao-de-cafe-em-2025-diz-conab\/\">Source link <\/a><\/p>\n","protected":false},"excerpt":{"rendered":"<p>A produ\u00e7\u00e3o de caf\u00e9 no Brasil para 2025 est\u00e1 estimada em 51,8 milh\u00f5es de sacas beneficiadas, uma redu\u00e7\u00e3o de 4,4%<\/p>\n","protected":false},"author":1,"featured_media":6684,"comment_status":"open","ping_status":"open","sticky":false,"template":"","format":"standard","meta":{"_monsterinsights_skip_tracking":false,"_monsterinsights_sitenote_active":false,"_monsterinsights_sitenote_note":"","_monsterinsights_sitenote_category":0,"_uf_show_specific_survey":0,"_uf_disable_surveys":false,"footnotes":""},"categories":[1],"tags":[],"class_list":["post-8684","post","type-post","status-publish","format-standard","has-post-thumbnail","hentry","category-news"],"_links":{"self":[{"href":"https:\/\/agromt.news\/index.php?rest_route=\/wp\/v2\/posts\/8684"}],"collection":[{"href":"https:\/\/agromt.news\/index.php?rest_route=\/wp\/v2\/posts"}],"about":[{"href":"https:\/\/agromt.news\/index.php?rest_route=\/wp\/v2\/types\/post"}],"author":[{"embeddable":true,"href":"https:\/\/agromt.news\/index.php?rest_route=\/wp\/v2\/users\/1"}],"replies":[{"embeddable":true,"href":"https:\/\/agromt.news\/index.php?rest_route=%2Fwp%2Fv2%2Fcomments&post=8684"}],"version-history":[{"count":0,"href":"https:\/\/agromt.news\/index.php?rest_route=\/wp\/v2\/posts\/8684\/revisions"}],"wp:featuredmedia":[{"embeddable":true,"href":"https:\/\/agromt.news\/index.php?rest_route=\/wp\/v2\/media\/6684"}],"wp:attachment":[{"href":"https:\/\/agromt.news\/index.php?rest_route=%2Fwp%2Fv2%2Fmedia&parent=8684"}],"wp:term":[{"taxonomy":"category","embeddable":true,"href":"https:\/\/agromt.news\/index.php?rest_route=%2Fwp%2Fv2%2Fcategories&post=8684"},{"taxonomy":"post_tag","embeddable":true,"href":"https:\/\/agromt.news\/index.php?rest_route=%2Fwp%2Fv2%2Ftags&post=8684"}],"curies":[{"name":"wp","href":"https:\/\/api.w.org\/{rel}","templated":true}]}}