{"id":8683,"date":"2025-01-28T09:19:52","date_gmt":"2025-01-28T13:19:52","guid":{"rendered":"https:\/\/agromt.news\/?p=8683"},"modified":"2025-01-28T09:19:52","modified_gmt":"2025-01-28T13:19:52","slug":"governo-discute-estrategias-para-conter-alta-dos-precos-dos-alimentos","status":"publish","type":"post","link":"https:\/\/agromt.news\/?p=8683","title":{"rendered":"Governo discute estrat\u00e9gias para conter alta dos pre\u00e7os dos alimentos"},"content":{"rendered":"<p> <br \/>\n<\/p>\n<div>\n<p style=\"text-align:justify\">Segundo o informado pela Minist\u00e9rio da Agricultura e Pecu\u00e1ria\u00a0(Mapa), na \u00faltima sexta-feira, 24 de janeiro, o presidente Luiz In\u00e1cio Lula da Silva se reuniu com seus ministros para avaliar medidas para enfrentar a alta dos pre\u00e7os dos alimentos no Brasil. Durante o encontro, foram discutidas a\u00e7\u00f5es, incluindo a redu\u00e7\u00e3o da al\u00edquota de importa\u00e7\u00e3o para alimentos cujos pre\u00e7os internos est\u00e3o mais altos do que no mercado internacional.&#13;\n<\/p>\n<p style=\"text-align:justify\">O ministro da Casa Civil, Rui Costa, enfatizou a preocupa\u00e7\u00e3o do governo com o acesso da popula\u00e7\u00e3o a alimentos a pre\u00e7os acess\u00edveis. Segundo Costa, a estrat\u00e9gia do governo ser\u00e1 seguir abordagens t\u00e9cnicas e de mercado, descartando interven\u00e7\u00f5es n\u00e3o convencionais ou medidas que fujam das pr\u00e1ticas tradicionais do mercado.\u00a0&#8220;Os produtos que estejam com pre\u00e7o interno maior do que o pre\u00e7o externo, n\u00f3s atuaremos na redu\u00e7\u00e3o de al\u00edquota para for\u00e7ar o pre\u00e7o a vir, pelo menos, para o patamar internacional. N\u00e3o justifica n\u00f3s estarmos com pre\u00e7os acima do patamar internacional. N\u00e3o tem a menor explica\u00e7\u00e3o para isso, j\u00e1 que o Brasil se constitui como um dos maiores produtores de alimentos de gr\u00e3os do mundo&#8221;, explicou.<\/p>\n<p style=\"text-align:justify\">O governo espera uma melhoria no cen\u00e1rio econ\u00f4mico devido \u00e0 previs\u00e3o de aumento na produ\u00e7\u00e3o agr\u00edcola para este ano. Rui Costa destacou que a supersafra projetada deve ajudar na redu\u00e7\u00e3o dos pre\u00e7os, trazendo um impacto positivo para o bolso dos consumidores.&#13;\n<\/p>\n<p style=\"text-align:justify\">Al\u00e9m disso, a pedido de Lula, o governo ir\u00e1 refor\u00e7ar a aten\u00e7\u00e3o a pol\u00edticas p\u00fablicas e recursos existentes para estimular a produ\u00e7\u00e3o, especialmente de itens da cesta b\u00e1sica.\u00a0&#8220;N\u00f3s tamb\u00e9m vamos dialogar com o mercado, vamos chamar aqui reuni\u00f5es de produtores para dialogar com eles sugest\u00f5es de como reduzir os pre\u00e7os, aumentar a produ\u00e7\u00e3o, vamos chamar mais uma vez a rede de supermercados, vamos chamar os frigor\u00edficos grandes para conversar, os frigor\u00edficos pequenos e m\u00e9dios, dialogando portanto com o mercado, que \u00e9 onde o pre\u00e7o se realiza. Medidas que a gente pode somar no mercado mais as medidas institucionais de est\u00edmulos para a produ\u00e7\u00e3o&#8221;, disse Rui Costa.<\/p>\n<p style=\"text-align:justify\">Participaram da reuni\u00e3o os ministros Rui Costa (Casa Civil), Fernando Haddad (Fazenda), Carlos F\u00e1varo (Agricultura e Pecu\u00e1ria), Esther Dweck (Gest\u00e3o e Inova\u00e7\u00e3o em Servi\u00e7os P\u00fablicos), Paulo Teixeira (Desenvolvimento Agr\u00e1rio e Agricultura Familiar), al\u00e9m do diretor-presidente da Companhia Nacional de Abastecimento (Conab), Edegar Pretto. Tamb\u00e9m estiveram presentes o secret\u00e1rio-executivo do Minist\u00e9rio da Ind\u00fastria e Com\u00e9rcio, M\u00e1rcio Elias Rosa; a secret\u00e1ria-executiva do Minist\u00e9rio do Desenvolvimento Agr\u00e1rio, Fernanda Machiaveli; e o secret\u00e1rio de Pol\u00edtica Econ\u00f4mica do Minist\u00e9rio da Fazenda, Guilherme Mello.&#13;\n<\/p>\n<\/p><\/div>\n<p><script data-cfasync=\"false\">\n    !function (f, b, e, v, n, t, s) {\n        if (f.fbq) return; n = f.fbq = function () {\n            n.callMethod ?\n                n.callMethod.apply(n, arguments) : n.queue.push(arguments)\n        };\n        if (!f._fbq) f._fbq = n; n.push = n; n.loaded = !0; n.version = '2.0';\n        n.queue = []; t = b.createElement(e); t.async = !0;\n        t.src = v; s = b.getElementsByTagName(e)[0];\n        s.parentNode.insertBefore(t, s)\n    }(window, document, 'script',\n        'https:\/\/connect.facebook.net\/en_US\/fbevents.js');\n    fbq('init', '522546078623747');\n    fbq('track', 'PageView');\n<\/script><br \/>\n<br \/><br \/>\n<br \/><a href=\"https:\/\/www.agrolink.com.br\/noticias\/governo-discute-estrategias-para-conter-alta-dos-precos-dos-alimentos_498783.html\">Source link <\/a><\/p>\n","protected":false},"excerpt":{"rendered":"<p>Segundo o informado pela Minist\u00e9rio da Agricultura e Pecu\u00e1ria\u00a0(Mapa), na \u00faltima sexta-feira, 24 de janeiro, o presidente Luiz In\u00e1cio Lula<\/p>\n","protected":false},"author":1,"featured_media":7372,"comment_status":"open","ping_status":"open","sticky":false,"template":"","format":"standard","meta":{"_monsterinsights_skip_tracking":false,"_monsterinsights_sitenote_active":false,"_monsterinsights_sitenote_note":"","_monsterinsights_sitenote_category":0,"_uf_show_specific_survey":0,"_uf_disable_surveys":false,"footnotes":""},"categories":[8,1,14],"tags":[],"class_list":["post-8683","post","type-post","status-publish","format-standard","has-post-thumbnail","hentry","category-agro","category-news","category-politica-agro"],"_links":{"self":[{"href":"https:\/\/agromt.news\/index.php?rest_route=\/wp\/v2\/posts\/8683"}],"collection":[{"href":"https:\/\/agromt.news\/index.php?rest_route=\/wp\/v2\/posts"}],"about":[{"href":"https:\/\/agromt.news\/index.php?rest_route=\/wp\/v2\/types\/post"}],"author":[{"embeddable":true,"href":"https:\/\/agromt.news\/index.php?rest_route=\/wp\/v2\/users\/1"}],"replies":[{"embeddable":true,"href":"https:\/\/agromt.news\/index.php?rest_route=%2Fwp%2Fv2%2Fcomments&post=8683"}],"version-history":[{"count":0,"href":"https:\/\/agromt.news\/index.php?rest_route=\/wp\/v2\/posts\/8683\/revisions"}],"wp:featuredmedia":[{"embeddable":true,"href":"https:\/\/agromt.news\/index.php?rest_route=\/wp\/v2\/media\/7372"}],"wp:attachment":[{"href":"https:\/\/agromt.news\/index.php?rest_route=%2Fwp%2Fv2%2Fmedia&parent=8683"}],"wp:term":[{"taxonomy":"category","embeddable":true,"href":"https:\/\/agromt.news\/index.php?rest_route=%2Fwp%2Fv2%2Fcategories&post=8683"},{"taxonomy":"post_tag","embeddable":true,"href":"https:\/\/agromt.news\/index.php?rest_route=%2Fwp%2Fv2%2Ftags&post=8683"}],"curies":[{"name":"wp","href":"https:\/\/api.w.org\/{rel}","templated":true}]}}