{"id":8679,"date":"2025-01-28T07:30:23","date_gmt":"2025-01-28T11:30:23","guid":{"rendered":"https:\/\/agromt.news\/?p=8679"},"modified":"2025-01-28T07:30:23","modified_gmt":"2025-01-28T11:30:23","slug":"participacao-do-setor-agropecuario-e-tema-de-reuniao-no-governo","status":"publish","type":"post","link":"https:\/\/agromt.news\/?p=8679","title":{"rendered":"participa\u00e7\u00e3o do setor agropecu\u00e1rio \u00e9 tema de reuni\u00e3o no governo"},"content":{"rendered":"<p> <br \/>\n<br \/><img decoding=\"async\" src=\"https:\/\/agromt.news\/wp-content\/uploads\/2025\/01\/participacao-do-setor-agropecuario-e-tema-de-reuniao-no-governo.jpeg\" \/><\/p>\n<div>\n<p>O ministro da Agricultura e Pecu\u00e1ria, Carlos F\u00e1varo, reuniu-se nesta segunda-feira (27) com o presidente da <strong><a href=\"https:\/\/www.canalrural.com.br\/tag\/cop30\/\">30\u00aa Confer\u00eancia das Na\u00e7\u00f5es Unidas sobre Mudan\u00e7a do Clima (COP30)<\/a><\/strong>, embaixador Andr\u00e9 Aranha Corr\u00eaa do Lago, e com a presidente da Embrapa, Silvia Massruh\u00e1, para discutir a participa\u00e7\u00e3o do setor agropecu\u00e1rio brasileiro no evento.<\/p>\n<p>Entre os temas abordados, destacaram-se os avan\u00e7os do <strong><a href=\"https:\/\/www.canalrural.com.br\/tag\/pncpd\/\">Programa Nacional de Convers\u00e3o de Pastagens Degradadas (PNCPD)<\/a><\/strong>, que pode dobrar a produ\u00e7\u00e3o agr\u00edcola sem desmatamento, e o Plano Nacional de Identifica\u00e7\u00e3o Individual de Bovinos e B\u00fafalos, iniciativas que refor\u00e7am a sustentabilidade da agropecu\u00e1ria brasileira. A <strong><a href=\"https:\/\/www.canalrural.com.br\/tag\/embrapa\/\">Embrapa<\/a><\/strong> tamb\u00e9m foi apontada como pe\u00e7a-chave, especialmente no uso de tecnologia e inova\u00e7\u00e3o no campo.<\/p>\n<blockquote class=\"wp-block-quote is-layout-flow wp-block-quote-is-layout-flow\">\n<p>\u201cQueremos mostrar ao mundo o potencial do agro brasileiro, refer\u00eancia em boas pr\u00e1ticas e produtos de alta qualidade. Nosso objetivo \u00e9 integrar a agropecu\u00e1ria de forma significativa \u00e0 COP30\u201d, afirmou o ministro F\u00e1varo.<\/p>\n<\/blockquote>\n<\/div>\n<div>\n<p>Al\u00e9m do embaixador e da presidente da Embrapa, participaram da reuni\u00e3o: o secret\u00e1rio de Inova\u00e7\u00e3o, Desenvolvimento Sustent\u00e1vel, Irriga\u00e7\u00e3o e Cooperativismo, Pedro Neto; o secret\u00e1rio-executivo adjunto, Cleber Soares; o secret\u00e1rio-adjunto de Com\u00e9rcio e Rela\u00e7\u00f5es Internacionais, Marcel Moreira; o assessor especial do ministro, Carlos Augustin; o diretor do Departamento de Produ\u00e7\u00e3o Sustent\u00e1vel e Irriga\u00e7\u00e3o, Bruno Brasil; e a chefe da Assessoria Especial de Comunica\u00e7\u00e3o do Mapa, Carla Madeira.<\/p>\n<p>Apesar do empenho do governo, pol\u00edticos e ruralistas preparam uma confer\u00eancia paralela: a \u2018COP do Agro\u2019, que tamb\u00e9m ser\u00e1 realizada no Par\u00e1. <\/p>\n<h2 class=\"wp-block-heading\" id=\"h-cop30-do-agro\">COP30 do Agro<\/h2>\n<p>A Associa\u00e7\u00e3o dos Produtores Rurais Independentes da Amaz\u00f4nia (Apria) est\u00e1 organizando o evento que antecede a COP30. Senadores, deputados federais e estaduais confirmam presen\u00e7a no encontro que ser\u00e1 realizado em outubro em Marab\u00e1 (PA). A reivindica\u00e7\u00e3o da associa\u00e7\u00e3o \u00e9 o protagonismo do produtor rural nas decis\u00f5es sobre a Amaz\u00f4nia. <\/p>\n<h2 class=\"wp-block-heading\" id=\"h-sobre-a-cop30\">Sobre a COP30<\/h2>\n<p>A 30\u00aa Confer\u00eancia das Na\u00e7\u00f5es Unidas sobre Mudan\u00e7a do Clima (COP30) \u00e9 o principal evento global para discutir mudan\u00e7as clim\u00e1ticas. O encontro re\u00fane l\u00edderes mundiais, cientistas, organiza\u00e7\u00f5es n\u00e3o governamentais e representantes da sociedade civil para debater estrat\u00e9gias e a\u00e7\u00f5es de combate ao aquecimento global. O Brasil ser\u00e1 o anfitri\u00e3o da confer\u00eancia, refor\u00e7ando sua relev\u00e2ncia no cen\u00e1rio clim\u00e1tico e sustent\u00e1vel mundial.<\/p>\n<\/p><\/div>\n<p><br \/>\n<br \/><a href=\"https:\/\/www.canalrural.com.br\/cop30\/cop30-participacao-do-setor-agropecuario-e-tema-de-reuniao-no-governo\/\">Source link <\/a><\/p>\n","protected":false},"excerpt":{"rendered":"<p>O ministro da Agricultura e Pecu\u00e1ria, Carlos F\u00e1varo, reuniu-se nesta segunda-feira (27) com o presidente da 30\u00aa Confer\u00eancia das Na\u00e7\u00f5es<\/p>\n","protected":false},"author":1,"featured_media":8680,"comment_status":"open","ping_status":"open","sticky":false,"template":"","format":"standard","meta":{"_monsterinsights_skip_tracking":false,"_monsterinsights_sitenote_active":false,"_monsterinsights_sitenote_note":"","_monsterinsights_sitenote_category":0,"_uf_show_specific_survey":0,"_uf_disable_surveys":false,"footnotes":""},"categories":[1],"tags":[],"class_list":["post-8679","post","type-post","status-publish","format-standard","has-post-thumbnail","hentry","category-news"],"_links":{"self":[{"href":"https:\/\/agromt.news\/index.php?rest_route=\/wp\/v2\/posts\/8679"}],"collection":[{"href":"https:\/\/agromt.news\/index.php?rest_route=\/wp\/v2\/posts"}],"about":[{"href":"https:\/\/agromt.news\/index.php?rest_route=\/wp\/v2\/types\/post"}],"author":[{"embeddable":true,"href":"https:\/\/agromt.news\/index.php?rest_route=\/wp\/v2\/users\/1"}],"replies":[{"embeddable":true,"href":"https:\/\/agromt.news\/index.php?rest_route=%2Fwp%2Fv2%2Fcomments&post=8679"}],"version-history":[{"count":0,"href":"https:\/\/agromt.news\/index.php?rest_route=\/wp\/v2\/posts\/8679\/revisions"}],"wp:featuredmedia":[{"embeddable":true,"href":"https:\/\/agromt.news\/index.php?rest_route=\/wp\/v2\/media\/8680"}],"wp:attachment":[{"href":"https:\/\/agromt.news\/index.php?rest_route=%2Fwp%2Fv2%2Fmedia&parent=8679"}],"wp:term":[{"taxonomy":"category","embeddable":true,"href":"https:\/\/agromt.news\/index.php?rest_route=%2Fwp%2Fv2%2Fcategories&post=8679"},{"taxonomy":"post_tag","embeddable":true,"href":"https:\/\/agromt.news\/index.php?rest_route=%2Fwp%2Fv2%2Ftags&post=8679"}],"curies":[{"name":"wp","href":"https:\/\/api.w.org\/{rel}","templated":true}]}}