{"id":863,"date":"2024-08-28T03:31:19","date_gmt":"2024-08-28T07:31:19","guid":{"rendered":"https:\/\/agromt.news\/?p=863"},"modified":"2024-08-28T03:31:19","modified_gmt":"2024-08-28T07:31:19","slug":"incendios-afetam-quase-2-milhoes-de-toneladas-de-cana-da-raizen","status":"publish","type":"post","link":"https:\/\/agromt.news\/?p=863","title":{"rendered":"Inc\u00eandios afetam quase 2 milh\u00f5es de toneladas de cana da Ra\u00edzen"},"content":{"rendered":"<p> <br \/>\n<br \/><img decoding=\"async\" src=\"https:\/\/agromt.news\/wp-content\/uploads\/2024\/08\/Incendios-afetam-quase-2-milhoes-de-toneladas-de-cana-da.jpg\" \/><\/p>\n<div>\n<p>A <strong><a href=\"https:\/\/www.raizen.com.br\/\">Ra\u00edzen<\/a><\/strong> informou que vem combatendo focos de inc\u00eandio que afetaram parte dos canaviais operados pela companhia, bem como de alguns fornecedores de cana-de-a\u00e7\u00facar, notadamente no <strong><a href=\"https:\/\/www.canalrural.com.br\/nacional\/chuva-trouxe-alivio-mas-o-estrago-ja-estava-feito-diz-presidente-do-sindicato-rural-sobre-incendios\/\">estado de S\u00e3o Paulo<\/a><\/strong>. <\/p>\n<p>A companhia estima que aproximadamente <strong>1,8 milh\u00e3o de toneladas de cana<\/strong> pr\u00f3pria e de fornecedores foram queimadas, representando 2% do total previsto na safra 2024\/25, com base no piso da premissa de moagem total.<\/p>\n<\/div>\n<div>\n<p>\u201cDe forma a mitigar os efeitos adversos, a companhia est\u00e1 priorizando a moagem da cana-de-a\u00e7\u00facar afetada. Com essa medida, esperamos que as perdas e impactos em nossos resultados sejam imateriais\u201d, explicou o comunicado.<\/p>\n<h2 class=\"wp-block-heading\" id=\"h-combate-aos-incendios\">Combate aos inc\u00eandios<\/h2>\n<p>A Ra\u00edzen informa que a sua equipe de brigadistas e de monitoramento de inc\u00eandios age em colabora\u00e7\u00e3o \u00e0s autoridades locais, bem como a outras usinas, fornecedores de cana e comunidades envolvidas.<\/p>\n<p>Com essas a\u00e7\u00f5es, neste momento, houve o controle de todos os focos de inc\u00eandio em \u00e1reas da companhia, estendendo essa assist\u00eancia tamb\u00e9m aos fornecedores.<\/p>\n<p>\u201cDesde a sua forma\u00e7\u00e3o, a queima de cana como m\u00e9todo de colheita foi proibida. Todas as opera\u00e7\u00f5es s\u00e3o 100% mecanizadas, e a companhia \u00e9 signat\u00e1ria do Protocolo Agroambiental Etanol Mais Verde, reafirmando seu compromisso com a preserva\u00e7\u00e3o do meio ambiente\u201d, destacou a companhia.<\/p>\n<p>Por fim, a Ra\u00edzen afirmou que continuar\u00e1 monitorando a situa\u00e7\u00e3o e expressou seu agradecimento \u00e0s equipes envolvidas no combate aos inc\u00eandios e reafirmou seu compromisso com a seguran\u00e7a de suas opera\u00e7\u00f5es.<\/p>\n<\/div>\n<p><br \/>\n<br \/><a href=\"https:\/\/www.canalrural.com.br\/agricultura\/cana\/incendios-afetam-quase-2-milhoes-de-toneladas-de-cana-da-raizen\/\">Source link <\/a><\/p>\n","protected":false},"excerpt":{"rendered":"<p>A Ra\u00edzen informou que vem combatendo focos de inc\u00eandio que afetaram parte dos canaviais operados pela companhia, bem como de<\/p>\n","protected":false},"author":1,"featured_media":864,"comment_status":"open","ping_status":"open","sticky":false,"template":"","format":"standard","meta":{"_monsterinsights_skip_tracking":false,"_monsterinsights_sitenote_active":false,"_monsterinsights_sitenote_note":"","_monsterinsights_sitenote_category":0,"_uf_show_specific_survey":0,"_uf_disable_surveys":false,"footnotes":""},"categories":[1],"tags":[],"class_list":["post-863","post","type-post","status-publish","format-standard","has-post-thumbnail","hentry","category-news"],"_links":{"self":[{"href":"https:\/\/agromt.news\/index.php?rest_route=\/wp\/v2\/posts\/863"}],"collection":[{"href":"https:\/\/agromt.news\/index.php?rest_route=\/wp\/v2\/posts"}],"about":[{"href":"https:\/\/agromt.news\/index.php?rest_route=\/wp\/v2\/types\/post"}],"author":[{"embeddable":true,"href":"https:\/\/agromt.news\/index.php?rest_route=\/wp\/v2\/users\/1"}],"replies":[{"embeddable":true,"href":"https:\/\/agromt.news\/index.php?rest_route=%2Fwp%2Fv2%2Fcomments&post=863"}],"version-history":[{"count":0,"href":"https:\/\/agromt.news\/index.php?rest_route=\/wp\/v2\/posts\/863\/revisions"}],"wp:featuredmedia":[{"embeddable":true,"href":"https:\/\/agromt.news\/index.php?rest_route=\/wp\/v2\/media\/864"}],"wp:attachment":[{"href":"https:\/\/agromt.news\/index.php?rest_route=%2Fwp%2Fv2%2Fmedia&parent=863"}],"wp:term":[{"taxonomy":"category","embeddable":true,"href":"https:\/\/agromt.news\/index.php?rest_route=%2Fwp%2Fv2%2Fcategories&post=863"},{"taxonomy":"post_tag","embeddable":true,"href":"https:\/\/agromt.news\/index.php?rest_route=%2Fwp%2Fv2%2Ftags&post=863"}],"curies":[{"name":"wp","href":"https:\/\/api.w.org\/{rel}","templated":true}]}}