{"id":8627,"date":"2025-01-27T10:54:20","date_gmt":"2025-01-27T14:54:20","guid":{"rendered":"https:\/\/agromt.news\/?p=8627"},"modified":"2025-01-27T10:54:20","modified_gmt":"2025-01-27T14:54:20","slug":"governo-federal-destina-r-45-milhoes-para-combate-a-incendios-em-mt","status":"publish","type":"post","link":"https:\/\/agromt.news\/?p=8627","title":{"rendered":"Governo federal destina R$ 45 milh\u00f5es para combate a inc\u00eandios em MT"},"content":{"rendered":"<p> <br \/>\n<br \/><img decoding=\"async\" src=\"https:\/\/agromt.news\/wp-content\/uploads\/2025\/01\/Governo-federal-destina-R-45-milhoes-para-combate-a-incendios.jpg\" \/><\/p>\n<div>\n<p>O governo federal, por meio do <strong><a href=\"https:\/\/www.canalrural.com.br\/tag\/bndes\/\">Banco Nacional de Desenvolvimento Econ\u00f4mico e Social (BNDES)<\/a><\/strong> e do <strong><a href=\"https:\/\/www.canalrural.com.br\/tag\/mma\/\">Minist\u00e9rio do Meio Ambiente e Mudan\u00e7a do Clima (MMA)<\/a><\/strong>, anunciou a destina\u00e7\u00e3o de R$ 45 milh\u00f5es do Fundo Amaz\u00f4nia para refor\u00e7ar o combate e a preven\u00e7\u00e3o a inc\u00eandios florestais em <strong><a href=\"https:\/\/matogrosso.canalrural.com.br\/\">Mato Grosso<\/a><\/strong>. O projeto, aprovado pela diretoria do BNDES, fortalecer\u00e1 a estrutura do Corpo de Bombeiros Militar do estado.<\/p>\n<p>Mato Grosso \u00e9 o oitavo estado da Amaz\u00f4nia Legal a receber apoio do Fundo Amaz\u00f4nia, que j\u00e1 direcionou R$ 405 milh\u00f5es em recursos n\u00e3o reembols\u00e1veis para a\u00e7\u00f5es de combate a queimadas e desmatamento na regi\u00e3o.<\/p>\n<p>O projeto inclui a compra de um helic\u00f3ptero com acess\u00f3rios, capacita\u00e7\u00e3o de agentes p\u00fablicos, forma\u00e7\u00e3o de brigadas florestais, sensibiliza\u00e7\u00e3o das comunidades locais e amplia\u00e7\u00e3o dos servi\u00e7os de fiscaliza\u00e7\u00e3o e combate ao fogo.<\/p>\n<blockquote class=\"wp-block-quote is-layout-flow wp-block-quote-is-layout-flow\">\n<p>\u201cO Governo Federal est\u00e1 comprometido em estruturar as corpora\u00e7\u00f5es na Amaz\u00f4nia Legal, como em Mato Grosso, promovendo preven\u00e7\u00e3o e monitoramento ao desmatamento e queimadas ilegais\u201d, afirmou Aloizio Mercadante, presidente do BNDES.<\/p>\n<\/blockquote>\n<\/div>\n<div>\n<h2 class=\"wp-block-heading\" id=\"h-estrutura-reforcada\">Estrutura refor\u00e7ada<\/h2>\n<p>O helic\u00f3ptero adquirido com os recursos do Fundo Amaz\u00f4nia ser\u00e1 utilizado em bases a\u00e9reas tempor\u00e1rias, permitindo r\u00e1pida mobiliza\u00e7\u00e3o em \u00e1reas de dif\u00edcil acesso, como o Pantanal e a Amaz\u00f4nia. Isso reduzir\u00e1 o tempo de resposta e aumentar\u00e1 a efic\u00e1cia das opera\u00e7\u00f5es de combate ao fogo em regi\u00f5es de alto risco.<\/p>\n<p>Al\u00e9m disso, o projeto prev\u00ea a instala\u00e7\u00e3o de bases tempor\u00e1rias de pouso e decolagem, campanhas educativas voltadas para t\u00e9cnicos, brigadistas, agricultores e produtores rurais, al\u00e9m da amplia\u00e7\u00e3o das miss\u00f5es de fiscaliza\u00e7\u00e3o e combate. Pelo menos 10 munic\u00edpios sem unidades do Corpo de Bombeiros Militar receber\u00e3o brigadas florestais mistas, formadas por bombeiros capacitados e contratados temporariamente.<\/p>\n<h2 class=\"wp-block-heading\" id=\"h-fundo-amazonia\">Fundo Amaz\u00f4nia<\/h2>\n<p>Criado para combater o desmatamento e promover a conserva\u00e7\u00e3o e o uso sustent\u00e1vel na Amaz\u00f4nia Legal, o Fundo Amaz\u00f4nia foi retomado em 2023, com novos aportes e metas definidas pelo Comit\u00ea Orientador do Fundo Amaz\u00f4nia (Cofa). Al\u00e9m de Mato Grosso, estados como Rond\u00f4nia, Acre, Amap\u00e1, Par\u00e1, Roraima, Amazonas e Maranh\u00e3o j\u00e1 foram beneficiados com projetos voltados ao fortalecimento das corpora\u00e7\u00f5es de bombeiros.<\/p>\n<p>\u201cO apoio do Fundo Amaz\u00f4nia \u00e9 essencial para enfrentar os desafios das mudan\u00e7as clim\u00e1ticas. Nosso compromisso \u00e9 estruturar a\u00e7\u00f5es integradas para proteger biomas e comunidades, promovendo preven\u00e7\u00e3o e combate aos inc\u00eandios florestais de forma eficaz\u201d, destacou a ministra Marina Silva, do MMA.<\/p>\n<h2 class=\"wp-block-heading\" id=\"h-reforco-estadual\">Refor\u00e7o estadual<\/h2>\n<blockquote class=\"wp-block-quote is-layout-flow wp-block-quote-is-layout-flow\">\n<p>O governador de Mato Grosso, Mauro Mendes, comemorou o aporte de recursos. \u201cEsse valor far\u00e1 toda a diferen\u00e7a. Temos investido mais de R$ 90 milh\u00f5es anuais no combate ao desmatamento e inc\u00eandios ilegais, e um refor\u00e7o dessa magnitude potencializar\u00e1 nossos esfor\u00e7os em um estado de dimens\u00f5es continentais.\u201d<\/p>\n<\/blockquote><\/div>\n<p><br \/>\n<br \/><a href=\"https:\/\/www.canalrural.com.br\/nacional\/governo-federal-destina-r-45-milhoes-para-combate-a-incendios-em-mt\/\">Source link <\/a><\/p>\n","protected":false},"excerpt":{"rendered":"<p>O governo federal, por meio do Banco Nacional de Desenvolvimento Econ\u00f4mico e Social (BNDES) e do Minist\u00e9rio do Meio Ambiente<\/p>\n","protected":false},"author":1,"featured_media":8628,"comment_status":"open","ping_status":"open","sticky":false,"template":"","format":"standard","meta":{"_monsterinsights_skip_tracking":false,"_monsterinsights_sitenote_active":false,"_monsterinsights_sitenote_note":"","_monsterinsights_sitenote_category":0,"_uf_show_specific_survey":0,"_uf_disable_surveys":false,"footnotes":""},"categories":[1],"tags":[],"class_list":["post-8627","post","type-post","status-publish","format-standard","has-post-thumbnail","hentry","category-news"],"_links":{"self":[{"href":"https:\/\/agromt.news\/index.php?rest_route=\/wp\/v2\/posts\/8627"}],"collection":[{"href":"https:\/\/agromt.news\/index.php?rest_route=\/wp\/v2\/posts"}],"about":[{"href":"https:\/\/agromt.news\/index.php?rest_route=\/wp\/v2\/types\/post"}],"author":[{"embeddable":true,"href":"https:\/\/agromt.news\/index.php?rest_route=\/wp\/v2\/users\/1"}],"replies":[{"embeddable":true,"href":"https:\/\/agromt.news\/index.php?rest_route=%2Fwp%2Fv2%2Fcomments&post=8627"}],"version-history":[{"count":0,"href":"https:\/\/agromt.news\/index.php?rest_route=\/wp\/v2\/posts\/8627\/revisions"}],"wp:featuredmedia":[{"embeddable":true,"href":"https:\/\/agromt.news\/index.php?rest_route=\/wp\/v2\/media\/8628"}],"wp:attachment":[{"href":"https:\/\/agromt.news\/index.php?rest_route=%2Fwp%2Fv2%2Fmedia&parent=8627"}],"wp:term":[{"taxonomy":"category","embeddable":true,"href":"https:\/\/agromt.news\/index.php?rest_route=%2Fwp%2Fv2%2Fcategories&post=8627"},{"taxonomy":"post_tag","embeddable":true,"href":"https:\/\/agromt.news\/index.php?rest_route=%2Fwp%2Fv2%2Ftags&post=8627"}],"curies":[{"name":"wp","href":"https:\/\/api.w.org\/{rel}","templated":true}]}}