{"id":8625,"date":"2025-01-27T10:20:54","date_gmt":"2025-01-27T14:20:54","guid":{"rendered":"https:\/\/agromt.news\/?p=8625"},"modified":"2025-01-27T10:20:54","modified_gmt":"2025-01-27T14:20:54","slug":"credito-rural-e-capacitacao-podem-impulsionar-a-queda-nos-precos-dos-alimentos","status":"publish","type":"post","link":"https:\/\/agromt.news\/?p=8625","title":{"rendered":"Cr\u00e9dito rural e capacita\u00e7\u00e3o podem impulsionar a queda nos pre\u00e7os dos alimentos"},"content":{"rendered":"<p> <br \/>\n<br \/><img decoding=\"async\" src=\"https:\/\/agromt.news\/wp-content\/uploads\/2025\/01\/Credito-rural-e-capacitacao-podem-impulsionar-a-queda-nos-precos.png\" \/><\/p>\n<div>\n<p>O governo federal est\u00e1 de olho na alta acumulada de 7,69% nos pre\u00e7os dos alimentos em 2024 e busca a\u00e7\u00f5es em todas as etapas da cadeia produtiva, desde a produ\u00e7\u00e3o at\u00e9 a comercializa\u00e7\u00e3o.\u00a0<\/p>\n<p>Nesse cen\u00e1rio, iniciativas de capacita\u00e7\u00e3o e <a href=\"https:\/\/www.canalrural.com.br\/empreendedorismo\/credito-fortalece-pequenos-negocios\/\">cr\u00e9dito rural<\/a> ganham destaque como ferramentas estrat\u00e9gicas para a redu\u00e7\u00e3o de custos e o fortalecimento da produ\u00e7\u00e3o agr\u00edcola.<\/p>\n<p>O Sebrae tem investido no fortalecimento dos pequenos produtores rurais por meio dos programas<a href=\"https:\/\/agenciasebrae.com.br\/economia-e-politica\/credito-rural-e-capacitacao-sao-aliados-na-queda-no-preco-dos-alimentos\/\"> ALI Rural e Juntos pelo Agro.<\/a><\/p>\n<p>O \u2018ALI Rural\u2019 oferece suporte a agroneg\u00f3cios focados em inova\u00e7\u00e3o e sustentabilidade. Durante 12 meses, Agentes Locais de Inova\u00e7\u00e3o diagnosticam, prop\u00f5em solu\u00e7\u00f5es e acompanham os resultados. <\/p>\n<blockquote class=\"wp-block-quote is-layout-flow wp-block-quote-is-layout-flow\">\n<p>\u201cEm 2024, os 5.111 pequenos neg\u00f3cios rurais que passaram pelo ALI Rural tiveram aumento de 24,2% no faturamento. Isso indica que, com inova\u00e7\u00e3o, \u00e9 poss\u00edvel trabalhar a redu\u00e7\u00e3o de custos dentro da propriedade e obter maiores\u00a0ganhos\u201d, destaca D\u00e9cio Lima, presidente do Sebrae.<\/p>\n<\/blockquote>\n<blockquote class=\"wp-block-quote is-layout-flow wp-block-quote-is-layout-flow\">\n<p>\u201c\u00c9 importante garantir o acesso dos pequenos produtores a cr\u00e9dito para que a gente possa impulsionar a pequena economia e, com isso, fazer escala e garantir longevidade para essa atividade t\u00e3o importante para o nosso pa\u00eds, que \u00e9 a agricultura familiar\u201d, complementa D\u00e9cio.<\/p>\n<\/blockquote>\n<ul class=\"wp-block-list\">\n<li><strong><em>Participe do Porteira Aberta Empreender: envie perguntas, sugest\u00f5es e conte sua hist\u00f3ria de empreendedorismo pelo\u00a0<\/em><\/strong><a href=\"https:\/\/api.whatsapp.com\/send?phone=5511932796720&amp;PorteiraAbertaEmpreender=SuaMensagem\"><strong><em>WhatsApp<\/em><\/strong><\/a>.<\/li>\n<\/ul>\n<\/div>\n<div>\n<p>J\u00e1 o \u2018Juntos pelo Agro\u2019, em parceria com o Sistema CNA\/Senar, beneficiou mais de 12 mil produtores rurais por meio de consultorias e assist\u00eancia t\u00e9cnica. <\/p>\n<blockquote class=\"wp-block-quote is-layout-flow wp-block-quote-is-layout-flow\">\n<p>\u201cEssa parceria viabiliza uma maior conex\u00e3o de solu\u00e7\u00f5es, sendo que o Sebrae foca na inova\u00e7\u00e3o, a agrega\u00e7\u00e3o de valor ao produto e o acesso mercado destes pequenos produtores\u201d, acrescenta Lima.<\/p>\n<\/blockquote>\n<h2 class=\"wp-block-heading\" id=\"h-credito-rural-como-base-para-o-desenvolvimento\">Cr\u00e9dito rural como base para o desenvolvimento<\/h2>\n<p>O Banco Nacional de Desenvolvimento Econ\u00f4mico e Social (<a href=\"https:\/\/www.canalrural.com.br\/programas\/rural-noticias\/governo-apresenta-alternativas-para-o-produtor-rural-endividado\/\">BNDES<\/a>) disponibilizou, em janeiro deste ano, mais de R$ 4,8 bilh\u00f5es em cr\u00e9dito rural para o programa Plano Safra. Os recursos podem ser usados por produtores rurais, cooperativas e agricultores familiares para custeio e investimento em m\u00e1quinas, equipamentos, armazenagem e inova\u00e7\u00e3o.<\/p>\n<p>De acordo com o BNDES, R$ 2,7 bilh\u00f5es ser\u00e3o destinados \u00e0 agricultura empresarial e R$ 2,1 bilh\u00e3o para a agricultura familiar. O presidente da institui\u00e7\u00e3o, Aloizio Mercadante, refor\u00e7ou a import\u00e2ncia da abertura de cr\u00e9dito para a categoria de empreendedores rurais.<\/p>\n<blockquote class=\"wp-block-quote is-layout-flow wp-block-quote-is-layout-flow\">\n<p>\u201cNosso objetivo \u00e9 garantir que pequenos e m\u00e9dios produtores tenham acesso ao cr\u00e9dito necess\u00e1rio para investir em moderniza\u00e7\u00e3o e pr\u00e1ticas sustent\u00e1veis, fortalecendo a cadeia produtiva e contribuindo com a transi\u00e7\u00e3o para uma economia mais verde\u201d, ressaltou Mercadante.<\/p>\n<\/blockquote>\n<p>* Com informa\u00e7\u00f5es da EBC.<\/p>\n<\/p><\/div>\n<p><br \/>\n<br \/><a href=\"https:\/\/www.canalrural.com.br\/empreendedorismo\/credito-rural-e-capacitacao-podem-impulsionar-a-queda-nos-precos-dos-alimentos\/\">Source link <\/a><\/p>\n","protected":false},"excerpt":{"rendered":"<p>O governo federal est\u00e1 de olho na alta acumulada de 7,69% nos pre\u00e7os dos alimentos em 2024 e busca a\u00e7\u00f5es<\/p>\n","protected":false},"author":1,"featured_media":8626,"comment_status":"open","ping_status":"open","sticky":false,"template":"","format":"standard","meta":{"_monsterinsights_skip_tracking":false,"_monsterinsights_sitenote_active":false,"_monsterinsights_sitenote_note":"","_monsterinsights_sitenote_category":0,"_uf_show_specific_survey":0,"_uf_disable_surveys":false,"footnotes":""},"categories":[1],"tags":[],"class_list":["post-8625","post","type-post","status-publish","format-standard","has-post-thumbnail","hentry","category-news"],"_links":{"self":[{"href":"https:\/\/agromt.news\/index.php?rest_route=\/wp\/v2\/posts\/8625"}],"collection":[{"href":"https:\/\/agromt.news\/index.php?rest_route=\/wp\/v2\/posts"}],"about":[{"href":"https:\/\/agromt.news\/index.php?rest_route=\/wp\/v2\/types\/post"}],"author":[{"embeddable":true,"href":"https:\/\/agromt.news\/index.php?rest_route=\/wp\/v2\/users\/1"}],"replies":[{"embeddable":true,"href":"https:\/\/agromt.news\/index.php?rest_route=%2Fwp%2Fv2%2Fcomments&post=8625"}],"version-history":[{"count":0,"href":"https:\/\/agromt.news\/index.php?rest_route=\/wp\/v2\/posts\/8625\/revisions"}],"wp:featuredmedia":[{"embeddable":true,"href":"https:\/\/agromt.news\/index.php?rest_route=\/wp\/v2\/media\/8626"}],"wp:attachment":[{"href":"https:\/\/agromt.news\/index.php?rest_route=%2Fwp%2Fv2%2Fmedia&parent=8625"}],"wp:term":[{"taxonomy":"category","embeddable":true,"href":"https:\/\/agromt.news\/index.php?rest_route=%2Fwp%2Fv2%2Fcategories&post=8625"},{"taxonomy":"post_tag","embeddable":true,"href":"https:\/\/agromt.news\/index.php?rest_route=%2Fwp%2Fv2%2Ftags&post=8625"}],"curies":[{"name":"wp","href":"https:\/\/api.w.org\/{rel}","templated":true}]}}