{"id":8622,"date":"2025-01-27T09:32:28","date_gmt":"2025-01-27T13:32:28","guid":{"rendered":"https:\/\/agromt.news\/?p=8622"},"modified":"2025-01-27T09:32:28","modified_gmt":"2025-01-27T13:32:28","slug":"aviao-agricola-cai-apos-colidir-em-fiacao-eletrica-no-oeste-da-bahia","status":"publish","type":"post","link":"https:\/\/agromt.news\/?p=8622","title":{"rendered":"Avi\u00e3o agr\u00edcola cai ap\u00f3s colidir em fia\u00e7\u00e3o el\u00e9trica no Oeste da Bahia"},"content":{"rendered":"<p> <br \/>\n<\/p>\n<div>\n<p>Um <strong>avi\u00e3o agr\u00edcola<\/strong> caiu ap\u00f3s colidir com uma fia\u00e7\u00e3o da rede el\u00e9trica durante trabalho de pulveriza\u00e7\u00e3o de uma \u00e1rea de pastagem em uma fazenda em <strong>Correntina, no Oeste da Bahia<\/strong>; um funcion\u00e1rio da fazenda teria visto o momento da queda, informou o Corpo de Bombeiros.<\/p>\n<p>O acidente aconteceu no final da tarde do \u00faltimo s\u00e1bado (25), pr\u00f3ximo do Km 268 da BR-349, rodovia que liga o munic\u00edpio de Correntina, a BR-020, pr\u00f3ximo a divisa com Goi\u00e1s.<\/p>\n<p>De acordo com o <strong>10\u00aa Companhia Independente Bombeiro Militar de Posse (GO)<\/strong>, equipe mais pr\u00f3xima do local do acidente, ao chegarem ao local, a v\u00edtima, um piloto, de 25 anos, natural de Parana\u00edba (MS), j\u00e1 estava fora da aeronave, de modelo <strong>EMB-203 Ipanema<\/strong>.<\/p>\n<p>Ele foi retirado por funcion\u00e1rios da fazenda que temiam que o avi\u00e3o se incendiasse haja visto a presen\u00e7a de combust\u00edvel.<\/p>\n<p>Ainda segundo o Corpo de Bombeiros, durante os primeiros socorros, a v\u00edtima estava consciente e responsiva a est\u00edmulo verbal, no entanto, apresentava uma fratura exposta na perna direita, escoria\u00e7\u00f5es na perna esquerda, suspeita de fratura no ombro esquerdo e sangramento na cabe\u00e7a.<\/p>\n<\/div>\n<div>\n<p>O Servi\u00e7o de Atendimento M\u00f3vel de Urg\u00eancia (SAMU), tamb\u00e9m foi acionado e levou o homem para o Hospital Municipal de Posse.<\/p>\n<figure class=\"wp-block-image size-large\"><img fetchpriority=\"high\" decoding=\"async\" width=\"1024\" height=\"1024\" alt=\"\" class=\"wp-image-4084721\"  data-lazy- src=\"https:\/\/agromt.news\/wp-content\/uploads\/2025\/01\/Aviao-agricola-cai-apos-colidir-em-fiacao-eletrica-no-Oeste.webp.webp\"\/><img decoding=\"async\" width=\"1024\" height=\"1024\" src=\"https:\/\/agromt.news\/wp-content\/uploads\/2025\/01\/Aviao-agricola-cai-apos-colidir-em-fiacao-eletrica-no-Oeste.webp.webp\" alt=\"\" class=\"wp-image-4084721\"  \/><\/figure>\n<p>Os bombeiros procederam com a imobiliza\u00e7\u00e3o da v\u00edtima que apresentava fratura exposta em membro inferior direito, escoria\u00e7\u00f5es em membro inferior esquerdo, suspeita de fratura no ombro esquerdo e sangramento na cabe\u00e7a. No decorrer do atendimento o SAMU chegou ao local e a guarni\u00e7\u00e3o passou a atendimento \u00e0 equipe deles.<\/p>\n<p>Segundo informa\u00e7\u00e3o do Corpo de Bombeiros, uma testemunha, um funcion\u00e1rio da fazenda que estava presente na hora do acidente informou sobre a colis\u00e3o que teria provocado a queda.<\/p>\n<hr class=\"wp-block-separator has-alpha-channel-opacity\"\/>\n<p><em>Siga o\u00a0<a href=\"https:\/\/www.instagram.com\/canalruralbahia\/\">Canal Rural Bahia no Instagram<\/a>! Voc\u00ea tamb\u00e9m pode participar deixando uma sugest\u00e3o de pauta. Clique\u00a0<a href=\"https:\/\/wa.me\/5577999455066\"><strong>aqui<\/strong><\/a>\u00a0e envie uma mensagem para o nosso WhatsApp<\/em>!<\/p>\n<\/p><\/div>\n<p><script async src=\"\/\/www.instagram.com\/embed.js\"><\/script><br \/>\n<br \/><br \/>\n<br \/><a href=\"https:\/\/www.canalrural.com.br\/nacional\/bahia\/aviao-agricola-cai-apos-colidir-em-fiacao-eletrica-no-oeste-da-bahia\/\">Source link <\/a><\/p>\n","protected":false},"excerpt":{"rendered":"<p>Um avi\u00e3o agr\u00edcola caiu ap\u00f3s colidir com uma fia\u00e7\u00e3o da rede el\u00e9trica durante trabalho de pulveriza\u00e7\u00e3o de uma \u00e1rea de<\/p>\n","protected":false},"author":1,"featured_media":8623,"comment_status":"open","ping_status":"open","sticky":false,"template":"","format":"standard","meta":{"_monsterinsights_skip_tracking":false,"_monsterinsights_sitenote_active":false,"_monsterinsights_sitenote_note":"","_monsterinsights_sitenote_category":0,"_uf_show_specific_survey":0,"_uf_disable_surveys":false,"footnotes":""},"categories":[1],"tags":[],"class_list":["post-8622","post","type-post","status-publish","format-standard","has-post-thumbnail","hentry","category-news"],"_links":{"self":[{"href":"https:\/\/agromt.news\/index.php?rest_route=\/wp\/v2\/posts\/8622"}],"collection":[{"href":"https:\/\/agromt.news\/index.php?rest_route=\/wp\/v2\/posts"}],"about":[{"href":"https:\/\/agromt.news\/index.php?rest_route=\/wp\/v2\/types\/post"}],"author":[{"embeddable":true,"href":"https:\/\/agromt.news\/index.php?rest_route=\/wp\/v2\/users\/1"}],"replies":[{"embeddable":true,"href":"https:\/\/agromt.news\/index.php?rest_route=%2Fwp%2Fv2%2Fcomments&post=8622"}],"version-history":[{"count":0,"href":"https:\/\/agromt.news\/index.php?rest_route=\/wp\/v2\/posts\/8622\/revisions"}],"wp:featuredmedia":[{"embeddable":true,"href":"https:\/\/agromt.news\/index.php?rest_route=\/wp\/v2\/media\/8623"}],"wp:attachment":[{"href":"https:\/\/agromt.news\/index.php?rest_route=%2Fwp%2Fv2%2Fmedia&parent=8622"}],"wp:term":[{"taxonomy":"category","embeddable":true,"href":"https:\/\/agromt.news\/index.php?rest_route=%2Fwp%2Fv2%2Fcategories&post=8622"},{"taxonomy":"post_tag","embeddable":true,"href":"https:\/\/agromt.news\/index.php?rest_route=%2Fwp%2Fv2%2Ftags&post=8622"}],"curies":[{"name":"wp","href":"https:\/\/api.w.org\/{rel}","templated":true}]}}