{"id":8617,"date":"2025-01-27T07:29:46","date_gmt":"2025-01-27T11:29:46","guid":{"rendered":"https:\/\/agromt.news\/?p=8617"},"modified":"2025-01-27T07:29:46","modified_gmt":"2025-01-27T11:29:46","slug":"credito-para-compra-de-terras-sobe-para-r-293-mil","status":"publish","type":"post","link":"https:\/\/agromt.news\/?p=8617","title":{"rendered":"cr\u00e9dito para compra de terras sobe para R$ 293 mil"},"content":{"rendered":"<p> <br \/>\n<br \/><img decoding=\"async\" src=\"https:\/\/agromt.news\/wp-content\/uploads\/2024\/12\/Projeto-amplia-area-para-enquadramento-de-agricultor-no-Pronaf.jpg\" \/><\/p>\n<div>\n<p><strong><a href=\"https:\/\/www.canalrural.com.br\/tag\/agriculturafamiliar\/\">Agricultores familiares<\/a><\/strong> agora t\u00eam acesso a um teto maior de cr\u00e9dito para aquisi\u00e7\u00e3o de propriedades rurais. O Programa Nacional de Cr\u00e9dito Fundi\u00e1rio (PNCF) elevou o limite de financiamento de R$ 280 mil para R$ 293.527,64, com condi\u00e7\u00f5es especiais como juros de 0,5% ao ano e car\u00eancia de tr\u00eas anos, al\u00e9m de um prazo total de 22 anos para quitar o valor.<\/p>\n<p>Entre 2023 e 2024, mais de 3,2 mil fam\u00edlias foram beneficiadas, com investimentos acima de R$ 487 milh\u00f5es. A atualiza\u00e7\u00e3o no limite acompanha o mercado de terras e amplia as possibilidades para agricultores, especialmente jovens, adquirirem im\u00f3veis rurais, fortalecendo o setor produtivo e promovendo o acesso democr\u00e1tico \u00e0 terra.<\/p>\n<\/div>\n<div>\n<p>\u201cO Cr\u00e9dito Fundi\u00e1rio tem atingido resultados significativos na democratiza\u00e7\u00e3o do acesso \u00e0 terra. \u00c9 um programa que fala por si s\u00f3, o aumento de n\u00famero de fam\u00edlias e de recursos liberados \u00e9 a prova de que estamos no caminho certo\u201d, declarou o secret\u00e1rio de Governan\u00e7a Fundi\u00e1ria, Desenvolvimento Territorial e Socioambiental do Minist\u00e9rio do Desenvolvimento Agr\u00e1rio e Agricultura Familiar (SFDTMDA), Mois\u00e9s Savian.<\/p>\n<\/p><\/div>\n<p><br \/>\n<br \/><a href=\"https:\/\/www.canalrural.com.br\/agricultura\/agricultura-familiar-credito-para-compra-de-terras-sobe-para-r-293-mil\/\">Source link <\/a><\/p>\n","protected":false},"excerpt":{"rendered":"<p>Agricultores familiares agora t\u00eam acesso a um teto maior de cr\u00e9dito para aquisi\u00e7\u00e3o de propriedades rurais. O Programa Nacional de<\/p>\n","protected":false},"author":1,"featured_media":6692,"comment_status":"open","ping_status":"open","sticky":false,"template":"","format":"standard","meta":{"_monsterinsights_skip_tracking":false,"_monsterinsights_sitenote_active":false,"_monsterinsights_sitenote_note":"","_monsterinsights_sitenote_category":0,"_uf_show_specific_survey":0,"_uf_disable_surveys":false,"footnotes":""},"categories":[1],"tags":[],"class_list":["post-8617","post","type-post","status-publish","format-standard","has-post-thumbnail","hentry","category-news"],"_links":{"self":[{"href":"https:\/\/agromt.news\/index.php?rest_route=\/wp\/v2\/posts\/8617"}],"collection":[{"href":"https:\/\/agromt.news\/index.php?rest_route=\/wp\/v2\/posts"}],"about":[{"href":"https:\/\/agromt.news\/index.php?rest_route=\/wp\/v2\/types\/post"}],"author":[{"embeddable":true,"href":"https:\/\/agromt.news\/index.php?rest_route=\/wp\/v2\/users\/1"}],"replies":[{"embeddable":true,"href":"https:\/\/agromt.news\/index.php?rest_route=%2Fwp%2Fv2%2Fcomments&post=8617"}],"version-history":[{"count":0,"href":"https:\/\/agromt.news\/index.php?rest_route=\/wp\/v2\/posts\/8617\/revisions"}],"wp:featuredmedia":[{"embeddable":true,"href":"https:\/\/agromt.news\/index.php?rest_route=\/wp\/v2\/media\/6692"}],"wp:attachment":[{"href":"https:\/\/agromt.news\/index.php?rest_route=%2Fwp%2Fv2%2Fmedia&parent=8617"}],"wp:term":[{"taxonomy":"category","embeddable":true,"href":"https:\/\/agromt.news\/index.php?rest_route=%2Fwp%2Fv2%2Fcategories&post=8617"},{"taxonomy":"post_tag","embeddable":true,"href":"https:\/\/agromt.news\/index.php?rest_route=%2Fwp%2Fv2%2Ftags&post=8617"}],"curies":[{"name":"wp","href":"https:\/\/api.w.org\/{rel}","templated":true}]}}