{"id":8616,"date":"2025-01-27T07:28:29","date_gmt":"2025-01-27T11:28:29","guid":{"rendered":"https:\/\/agromt.news\/?p=8616"},"modified":"2025-01-27T07:28:29","modified_gmt":"2025-01-27T11:28:29","slug":"soja-encerra-o-dia-em-baixa-na-cbot","status":"publish","type":"post","link":"https:\/\/agromt.news\/?p=8616","title":{"rendered":"Soja encerra o dia em baixa na CBOT"},"content":{"rendered":"<p> <br \/>\n<\/p>\n<div>\n<p>De acordo com a TF Agroecon\u00f4mica, a <a href=\"https:\/\/www.agrolink.com.br\/culturas\/soja?utm_source=agrolink-detalhe-noticia&amp;utm_medium=detalhe-noticia&amp;utm_campaign=links-internos\" target=\"_blank\" rel=\"noopener\">soja<\/a> negociada na Bolsa de Chicago (CBOT) registrou queda no fechamento desta sexta-feira, mas acumulou ganhos significativos ao longo da semana. O contrato para mar\u00e7o, refer\u00eancia para a safra brasileira, caiu -0,92% ou $ -9,75 cents\/bushel, encerrando em $ 1055,75. J\u00e1 o contrato de maio recuou -0,88% ou $ -9,50 cents\/bushel, fechando em $ 1068,25. No mercado de subprodutos, o farelo de <a href=\"https:\/\/www.agrolink.com.br\/culturas\/soja?utm_source=agrolink-detalhe-noticia&amp;utm_medium=detalhe-noticia&amp;utm_campaign=links-internos\" target=\"_blank\" rel=\"noopener\">soja<\/a> para mar\u00e7o caiu -3,30% ou $ -10,4\/ton curta, enquanto o \u00f3leo de <a href=\"https:\/\/www.agrolink.com.br\/culturas\/soja?utm_source=agrolink-detalhe-noticia&amp;utm_medium=detalhe-noticia&amp;utm_campaign=links-internos\" target=\"_blank\" rel=\"noopener\">soja<\/a> subiu 0,40% ou $ 0,18\/libra-peso, finalizando a $ 45,22. \u00a0&#13;\n<\/p>\n<p>As oscila\u00e7\u00f5es da soja refletem, principalmente, a aten\u00e7\u00e3o do mercado \u00e0s perspectivas de produ\u00e7\u00e3o na Am\u00e9rica do Sul. No Brasil, mesmo com problemas clim\u00e1ticos pontuais, espera-se uma safra recorde, estimada entre 169 e 172 milh\u00f5es de toneladas. Por outro lado, a Argentina, embora tenha reduzido sua estimativa em 1 milh\u00e3o de toneladas, ainda deve colher uma safra superior \u00e0 do ano anterior. Outro fator relevante foi o corte nas &#8220;retenciones&#8221; para exporta\u00e7\u00e3o de gr\u00e3os e subprodutos, medida que beneficia farelo e \u00f3leo de soja, nos quais o pa\u00eds \u00e9 l\u00edder global. \u00a0&#13;\n<\/p>\n<p>As vendas semanais tamb\u00e9m foram destaque, impulsionadas por compras significativas da China, que representaram 67,88% da soja negociada entre 10 e 16 de janeiro. Essa demanda chinesa ajudou a compensar as perdas pontuais e contribuiu para que o acumulado semanal fosse positivo. A soja subiu 2,10% ou $ 21,75 cents\/bushel, o farelo avan\u00e7ou 2,59% ou $ 7,7\/ton curta, enquanto o \u00f3leo de soja apresentou recuo de -1,03% ou $ -0,47\/libra-peso no mesmo per\u00edodo. \u00a0<br \/>&#13;<br \/>\n\u00a0&#13;\n<\/p>\n<\/p><\/div>\n<p><script data-cfasync=\"false\">\n    !function (f, b, e, v, n, t, s) {\n        if (f.fbq) return; n = f.fbq = function () {\n            n.callMethod ?\n                n.callMethod.apply(n, arguments) : n.queue.push(arguments)\n        };\n        if (!f._fbq) f._fbq = n; n.push = n; n.loaded = !0; n.version = '2.0';\n        n.queue = []; t = b.createElement(e); t.async = !0;\n        t.src = v; s = b.getElementsByTagName(e)[0];\n        s.parentNode.insertBefore(t, s)\n    }(window, document, 'script',\n        'https:\/\/connect.facebook.net\/en_US\/fbevents.js');\n    fbq('init', '522546078623747');\n    fbq('track', 'PageView');\n<\/script><br \/>\n<br \/><br \/>\n<br \/><a href=\"https:\/\/www.agrolink.com.br\/noticias\/soja-encerra-o-dia-em-baixa-na-cbot_498750.html\">Source link <\/a><\/p>\n","protected":false},"excerpt":{"rendered":"<p>De acordo com a TF Agroecon\u00f4mica, a soja negociada na Bolsa de Chicago (CBOT) registrou queda no fechamento desta sexta-feira,<\/p>\n","protected":false},"author":1,"featured_media":2965,"comment_status":"open","ping_status":"open","sticky":false,"template":"","format":"standard","meta":{"_monsterinsights_skip_tracking":false,"_monsterinsights_sitenote_active":false,"_monsterinsights_sitenote_note":"","_monsterinsights_sitenote_category":0,"_uf_show_specific_survey":0,"_uf_disable_surveys":false,"footnotes":""},"categories":[8,1,14],"tags":[],"class_list":["post-8616","post","type-post","status-publish","format-standard","has-post-thumbnail","hentry","category-agro","category-news","category-politica-agro"],"_links":{"self":[{"href":"https:\/\/agromt.news\/index.php?rest_route=\/wp\/v2\/posts\/8616"}],"collection":[{"href":"https:\/\/agromt.news\/index.php?rest_route=\/wp\/v2\/posts"}],"about":[{"href":"https:\/\/agromt.news\/index.php?rest_route=\/wp\/v2\/types\/post"}],"author":[{"embeddable":true,"href":"https:\/\/agromt.news\/index.php?rest_route=\/wp\/v2\/users\/1"}],"replies":[{"embeddable":true,"href":"https:\/\/agromt.news\/index.php?rest_route=%2Fwp%2Fv2%2Fcomments&post=8616"}],"version-history":[{"count":0,"href":"https:\/\/agromt.news\/index.php?rest_route=\/wp\/v2\/posts\/8616\/revisions"}],"wp:featuredmedia":[{"embeddable":true,"href":"https:\/\/agromt.news\/index.php?rest_route=\/wp\/v2\/media\/2965"}],"wp:attachment":[{"href":"https:\/\/agromt.news\/index.php?rest_route=%2Fwp%2Fv2%2Fmedia&parent=8616"}],"wp:term":[{"taxonomy":"category","embeddable":true,"href":"https:\/\/agromt.news\/index.php?rest_route=%2Fwp%2Fv2%2Fcategories&post=8616"},{"taxonomy":"post_tag","embeddable":true,"href":"https:\/\/agromt.news\/index.php?rest_route=%2Fwp%2Fv2%2Ftags&post=8616"}],"curies":[{"name":"wp","href":"https:\/\/api.w.org\/{rel}","templated":true}]}}