{"id":8613,"date":"2025-01-26T19:14:25","date_gmt":"2025-01-26T23:14:25","guid":{"rendered":"https:\/\/agromt.news\/?p=8613"},"modified":"2025-01-26T19:14:25","modified_gmt":"2025-01-26T23:14:25","slug":"verao-quente-da-argentina-comeca-a-prejudicar-colheitas-diz-bolsa-de","status":"publish","type":"post","link":"https:\/\/agromt.news\/?p=8613","title":{"rendered":"Ver\u00e3o quente da Argentina come\u00e7a a prejudicar colheitas, diz bolsa de&#8230;"},"content":{"rendered":"<p> <br \/>\n<\/p>\n<div>\n<div class=\"materia\">\n<p><img decoding=\"async\" alt=\"Logotipo Reuters\" height=\"22\" src=\"https:\/\/cdn.noticiasagricolas.com.br\/dbimagens\/0f687b0f35da9d220b6477534ce7c667.gif\" width=\"71\"\/><\/p>\n<p><img decoding=\"async\" alt=\"\" src=\"https:\/\/rmb.reuters.com\/rmd\/rss\/content\/tag:reuters.com,2025:newsml_LYNXMPEL020LM:1\/tag:reuters.com,2025:binary_LYNXMPEL020LM-VIEWIMAGE\"\/>BUENOS AIRES (Reuters) &#8211; Um ver\u00e3o quente e seco no Hemisf\u00e9rio Sul est\u00e1 come\u00e7ando a causar danos \u00e0s safras de soja e milho de 2024\/25 da Argentina, informou a Bolsa de Cereais de Buenos Aires nesta sexta-feira, depois de ter relatado condi\u00e7\u00f5es de cultivo praticamente ideais gra\u00e7as \u00e0s chuvas abundantes da primavera.<\/p>\n<p>A Argentina \u00e9 o maior exportador mundial de \u00f3leo e farelo de soja e o terceiro maior exportador de milho, al\u00e9m de ser um importante fornecedor de trigo. At\u00e9 algumas semanas atr\u00e1s, a bolsa n\u00e3o havia relatado praticamente nenhum sinal de danos \u00e0s safras gra\u00e7as ao clima \u00famido da primavera.<\/p>\n<p>No entanto, com o in\u00edcio do ver\u00e3o, no final de dezembro, come\u00e7aram a ser observados impactos das altas temperaturas e da escassez de chuvas sobre as planta\u00e7\u00f5es.<\/p>\n<p>Para as culturas de milho, cultivadas na se\u00e7\u00e3o sul do cora\u00e7\u00e3o agr\u00edcola da Argentina, a bolsa disse que &#8220;os sintomas de estresse h\u00eddrico est\u00e3o come\u00e7ando a ser observados, como o amarelecimento das folhas basais com poss\u00edveis perdas de rendimento&#8221;.<\/p>\n<p>At\u00e9 o momento, os produtores de milho plantaram 87% dos 6,6 milh\u00f5es de hectares de soja previstos pela bolsa e 93% dos 18,4 milh\u00f5es de hectares estimados de campos de soja.<\/p>\n<p>Para a soja, a bolsa disse que a \u00e1rea de terras cultivadas que se beneficiaram de condi\u00e7\u00f5es h\u00eddricas &#8220;adequadas a \u00f3timas&#8221; encolheu 7 pontos percentuais, para 81% da \u00e1rea total plantada.<\/p>\n<p>Apesar do clima quente, a bolsa disse que as duas principais culturas est\u00e3o progredindo bem, em geral, gra\u00e7as \u00e0 umidade abundante dos \u00faltimos meses de 2024.<\/p>\n<p>A temporada de trigo da Argentina est\u00e1 quase conclu\u00edda, acrescentou a bolsa, dizendo que os agricultores j\u00e1 colheram 95% de uma estimativa de 18,6 milh\u00f5es de toneladas de trigo.<\/p>\n<p>(Reportagem de Maximilian Heath; texto de Sarah Morland)<\/p>\n<\/p><\/div>\n<div class=\"grupo-whatsapp\">\n      J\u00e1 segue nosso Canal oficial no WhatsApp? <a href=\"https:\/\/bit.ly\/Canal_NA\" target=\"_blank\" rel=\"noopener\"><strong>Clique Aqui<\/strong><\/a> para receber em primeira m\u00e3o as principais not\u00edcias do agroneg\u00f3cio\n    <\/div>\n<\/p><\/div>\n<p><script async defer src=\"https:\/\/connect.facebook.net\/en_US\/sdk.js\" type=\"54dc828b66a35d64d2e2e9fe-text\/javascript\"><\/script><script type=\"54dc828b66a35d64d2e2e9fe-text\/javascript\">\n  !function(f,b,e,v,n,t,s)\n  {if(f.fbq)return;n=f.fbq=function(){n.callMethod?\n    n.callMethod.apply(n,arguments):n.queue.push(arguments)};\n    if(!f._fbq)f._fbq=n;n.push=n;n.loaded=!0;n.version='2.0';\n    n.queue=[];t=b.createElement(e);t.async=!0;\n    t.src=v;s=b.getElementsByTagName(e)[0];\n    s.parentNode.insertBefore(t,s)}(window, document,'script',\n    'https:\/\/connect.facebook.net\/en_US\/fbevents.js');\n  fbq('init', '153495679422335');\n  fbq('track', 'PageView');\n<\/script><br \/>\n<br \/><br \/>\n<br \/><a href=\"https:\/\/www.noticiasagricolas.com.br\/noticias\/agronegocio\/391611-verao-quente-da-argentina-comeca-a-prejudicar-colheitas-diz-bolsa-de-cereais-de-buenos-aires.html\">Source link <\/a><\/p>\n","protected":false},"excerpt":{"rendered":"<p>BUENOS AIRES (Reuters) &#8211; Um ver\u00e3o quente e seco no Hemisf\u00e9rio Sul est\u00e1 come\u00e7ando a causar danos \u00e0s safras de<\/p>\n","protected":false},"author":1,"featured_media":8614,"comment_status":"open","ping_status":"open","sticky":false,"template":"","format":"standard","meta":{"_monsterinsights_skip_tracking":false,"_monsterinsights_sitenote_active":false,"_monsterinsights_sitenote_note":"","_monsterinsights_sitenote_category":0,"_uf_show_specific_survey":0,"_uf_disable_surveys":false,"footnotes":""},"categories":[8,1,14,16],"tags":[],"class_list":["post-8613","post","type-post","status-publish","format-standard","has-post-thumbnail","hentry","category-agro","category-news","category-politica-agro","category-safra"],"_links":{"self":[{"href":"https:\/\/agromt.news\/index.php?rest_route=\/wp\/v2\/posts\/8613"}],"collection":[{"href":"https:\/\/agromt.news\/index.php?rest_route=\/wp\/v2\/posts"}],"about":[{"href":"https:\/\/agromt.news\/index.php?rest_route=\/wp\/v2\/types\/post"}],"author":[{"embeddable":true,"href":"https:\/\/agromt.news\/index.php?rest_route=\/wp\/v2\/users\/1"}],"replies":[{"embeddable":true,"href":"https:\/\/agromt.news\/index.php?rest_route=%2Fwp%2Fv2%2Fcomments&post=8613"}],"version-history":[{"count":0,"href":"https:\/\/agromt.news\/index.php?rest_route=\/wp\/v2\/posts\/8613\/revisions"}],"wp:featuredmedia":[{"embeddable":true,"href":"https:\/\/agromt.news\/index.php?rest_route=\/wp\/v2\/media\/8614"}],"wp:attachment":[{"href":"https:\/\/agromt.news\/index.php?rest_route=%2Fwp%2Fv2%2Fmedia&parent=8613"}],"wp:term":[{"taxonomy":"category","embeddable":true,"href":"https:\/\/agromt.news\/index.php?rest_route=%2Fwp%2Fv2%2Fcategories&post=8613"},{"taxonomy":"post_tag","embeddable":true,"href":"https:\/\/agromt.news\/index.php?rest_route=%2Fwp%2Fv2%2Ftags&post=8613"}],"curies":[{"name":"wp","href":"https:\/\/api.w.org\/{rel}","templated":true}]}}