{"id":861,"date":"2024-08-28T02:16:40","date_gmt":"2024-08-28T06:16:40","guid":{"rendered":"https:\/\/agromt.news\/?p=861"},"modified":"2024-08-28T02:16:40","modified_gmt":"2024-08-28T06:16:40","slug":"ginetes-e-cavalos-demonstram-habilidades-em-provas-de-equinos-na-expointer","status":"publish","type":"post","link":"https:\/\/agromt.news\/?p=861","title":{"rendered":"Ginetes e cavalos demonstram habilidades em provas de equinos na Expointer"},"content":{"rendered":"<p> <br \/>\n<\/p>\n<div>\n<p style=\"text-align:justify\">O Freio de Ouro \u00e9 a competi\u00e7\u00e3o equina mais conhecida quando se fala em Expointer, mas n\u00e3o \u00e9 a \u00fanica: a feira tamb\u00e9m sedia uma s\u00e9rie de provas e competi\u00e7\u00f5es de diversas ra\u00e7as, que demonstram os atributos dos animais e as habilidades dos ginetes. Confira algumas das provas, seus hor\u00e1rios e locais.\n<\/p>\n<p style=\"text-align:justify\"><strong>\u00c1rabe<\/strong><\/p>\n<p style=\"text-align:justify\">Os cavalos \u00c1rabes competem em provas em todos os nove dias da feira, nas pistas 14 e 15. \u201cHoje teremos a prova de Morfologia Funcional, criada aqui no Rio Grande do Sul. Nela, ocorre a sele\u00e7\u00e3o dos melhores exemplares funcionais, entre os cavalos que est\u00e3o realizando as provas montadas\u201d, explica o presidente da Associa\u00e7\u00e3o Ga\u00facha de Cavalo \u00c1rabe, Lu\u00eds Fernando Tarrag\u00f4.<\/p>\n<p style=\"text-align:justify\">A programa\u00e7\u00e3o da ra\u00e7a segue na quarta-feira (28\/8), \u00e0s 15h, com a prova feminina dos cinco tambores. \u201cAs amazonas dar\u00e3o um espet\u00e1culo de destreza e coragem com seus cavalos \u00e1rabes\u201d, destaca Lu\u00eds Fernando.<\/p>\n<p style=\"text-align:justify\">Na quinta-feira (29\/8), \u00e0s 17h, ser\u00e1 a vez da prova de r\u00e9dea campeira; na sexta-feira (30\/8), \u00e0s 15h, a prova de seis balizas; e no s\u00e1bado (31\/8), \u00e0s 10h30, a tradicional prova do Carro X Cavalo. Nesta prova, duplas de cavaleiro e motorista, masculino com feminino, correm em uma pista a cavalo; na sequ\u00eancia, o cavaleiro ou amazona embarca na caminhonete e faz outro percurso no carro. A dupla que fizer em menor tempo \u00e9 a campe\u00e3. \u201c\u00c9 uma prova muito divertida e que agrada ao p\u00fablico, lotando as arquibancadas\u201d, garante Tarrag\u00f4.<\/p>\n<p style=\"text-align:justify\"><strong>Cavalo Campeiro<\/strong><\/p>\n<p style=\"text-align:justify\">Assim como o cavalo Crioulo, o Campeiro tamb\u00e9m \u00e9 uma ra\u00e7a que surgiu na regi\u00e3o Sul do Brasil. Seus atributos s\u00e3o testados em provas funcionais, que ocorrem na Expointer na quinta-feira (29\/8), a partir das 8h, nas pistas 14 e 15. S\u00e3o 45 animais inscritos para a edi\u00e7\u00e3o deste ano, com promo\u00e7\u00e3o do N\u00facleo Ga\u00facho de Cavalo Campeiro.\n<\/p>\n<p style=\"text-align:justify\"><strong>Quarto de Milha<\/strong><\/p>\n<p style=\"text-align:justify\">Os cavalos Quarto de Milha competem a 6\u00aa etapa e a final do Campeonato Ga\u00facho durante a Expointer, na sexta (30\/8) e s\u00e1bado (31\/8), a partir das 8 horas, na pista de provas 1. S\u00e3o 57 conjuntos inscritos, para as categorias aberto, amador, amador light, jovem e feminino.<\/p>\n<p style=\"text-align:justify\">Na sexta, \u00e0s 13h, o Quarto de Milha participa de provas de la\u00e7o comprido, junto com a ra\u00e7a Paint Horse, na pista de prova de equinos. \u201cA avalia\u00e7\u00e3o \u00e9 feita por pegada de armada, aquela la\u00e7ada que \u00e9 feita nas aspas do boi. Cada n\u00facleo pontua os cavalos de sua ra\u00e7a\u201d, explica Darlene Marques, do N\u00facleo Sul dos Criadores de Cavalo Quarto de Milha.<\/p>\n<p style=\"text-align:justify\">Entre os cavalos Paint Horse, s\u00e3o 15 inscritos para a prova de la\u00e7o comprido. \u201cTem que la\u00e7ar o boi. Se errar, est\u00e1 fora\u201d, resume Antonio Marcelo Caleffi, do N\u00facleo Regional Sul da Associa\u00e7\u00e3o Brasileira de Criadores de Cavalo da Ra\u00e7a Paint Horse (ABCPaint). Mas a elimina\u00e7\u00e3o n\u00e3o \u00e9 irremedi\u00e1vel: quem perder a la\u00e7ada pode se reinscrever e tentar novamente.\n<\/p>\n<\/div>\n<p><script data-cfasync=\"false\">\n    !function (f, b, e, v, n, t, s) {\n        if (f.fbq) return; n = f.fbq = function () {\n            n.callMethod ?\n                n.callMethod.apply(n, arguments) : n.queue.push(arguments)\n        };\n        if (!f._fbq) f._fbq = n; n.push = n; n.loaded = !0; n.version = '2.0';\n        n.queue = []; t = b.createElement(e); t.async = !0;\n        t.src = v; s = b.getElementsByTagName(e)[0];\n        s.parentNode.insertBefore(t, s)\n    }(window, document, 'script',\n        'https:\/\/connect.facebook.net\/en_US\/fbevents.js');\n    fbq('init', '522546078623747');\n    fbq('track', 'PageView');\n<\/script><br \/>\n<br \/><br \/>\n<br \/><a href=\"https:\/\/www.agrolink.com.br\/noticias\/ginetes-e-cavalos-demonstram-habilidades-em-provas-de-equinos-na-expointer_494399.html\">Source link <\/a><\/p>\n","protected":false},"excerpt":{"rendered":"<p>O Freio de Ouro \u00e9 a competi\u00e7\u00e3o equina mais conhecida quando se fala em Expointer, mas n\u00e3o \u00e9 a \u00fanica:<\/p>\n","protected":false},"author":1,"featured_media":862,"comment_status":"open","ping_status":"open","sticky":false,"template":"","format":"standard","meta":{"_monsterinsights_skip_tracking":false,"_monsterinsights_sitenote_active":false,"_monsterinsights_sitenote_note":"","_monsterinsights_sitenote_category":0,"_uf_show_specific_survey":0,"_uf_disable_surveys":false,"footnotes":""},"categories":[8,1,14],"tags":[],"class_list":["post-861","post","type-post","status-publish","format-standard","has-post-thumbnail","hentry","category-agro","category-news","category-politica-agro"],"_links":{"self":[{"href":"https:\/\/agromt.news\/index.php?rest_route=\/wp\/v2\/posts\/861"}],"collection":[{"href":"https:\/\/agromt.news\/index.php?rest_route=\/wp\/v2\/posts"}],"about":[{"href":"https:\/\/agromt.news\/index.php?rest_route=\/wp\/v2\/types\/post"}],"author":[{"embeddable":true,"href":"https:\/\/agromt.news\/index.php?rest_route=\/wp\/v2\/users\/1"}],"replies":[{"embeddable":true,"href":"https:\/\/agromt.news\/index.php?rest_route=%2Fwp%2Fv2%2Fcomments&post=861"}],"version-history":[{"count":0,"href":"https:\/\/agromt.news\/index.php?rest_route=\/wp\/v2\/posts\/861\/revisions"}],"wp:featuredmedia":[{"embeddable":true,"href":"https:\/\/agromt.news\/index.php?rest_route=\/wp\/v2\/media\/862"}],"wp:attachment":[{"href":"https:\/\/agromt.news\/index.php?rest_route=%2Fwp%2Fv2%2Fmedia&parent=861"}],"wp:term":[{"taxonomy":"category","embeddable":true,"href":"https:\/\/agromt.news\/index.php?rest_route=%2Fwp%2Fv2%2Fcategories&post=861"},{"taxonomy":"post_tag","embeddable":true,"href":"https:\/\/agromt.news\/index.php?rest_route=%2Fwp%2Fv2%2Ftags&post=861"}],"curies":[{"name":"wp","href":"https:\/\/api.w.org\/{rel}","templated":true}]}}