{"id":8606,"date":"2025-01-26T13:49:48","date_gmt":"2025-01-26T17:49:48","guid":{"rendered":"https:\/\/agromt.news\/?p=8606"},"modified":"2025-01-26T13:49:48","modified_gmt":"2025-01-26T17:49:48","slug":"temporais-e-temperaturas-elevadas-no-brasil-confira-como-fica-o-tempo-nesta-semana","status":"publish","type":"post","link":"https:\/\/agromt.news\/?p=8606","title":{"rendered":"Temporais e temperaturas elevadas no Brasil; confira como fica o tempo nesta semana"},"content":{"rendered":"<p> <br \/>\n<br \/><img decoding=\"async\" src=\"https:\/\/agromt.news\/wp-content\/uploads\/2025\/01\/Temporais-e-temperaturas-elevadas-no-Brasil-confira-como-fica-o.jpg\" \/><\/p>\n<div>\n<p>A <a href=\"https:\/\/www.canalrural.com.br\/?s=previs%C3%A3o+do+tempo\">previs\u00e3o <\/a>do tempo para o per\u00edodo de 27 a 31 de janeiro aponta para varia\u00e7\u00f5es clim\u00e1ticas em diversas regi\u00f5es do Brasil. A semana ser\u00e1 marcada por temperaturas elevadas e chuvas irregulares, com destaque para o risco de temporais, o que pode impactar os produtores nas atividades agr\u00edcolas. Confira abaixo como ficar\u00e1 o tempo no pa\u00eds:<\/p>\n<h2 class=\"wp-block-heading\" id=\"h-o-tempo-no-sul\">O tempo no Sul<\/h2>\n<p>A semana come\u00e7a sem chuvas no centro-sul, leste e litoral do Rio Grande do Sul, com temperaturas subindo \u00e0 tarde. Pancadas s\u00e3o esperadas no noroeste e norte do estado, al\u00e9m de Santa Catarina e Paran\u00e1, com risco de temporais na divisa do Paran\u00e1. <\/p>\n<p>A chuva se concentrar\u00e1 no extremo oeste de Paran\u00e1 e Santa Catarina, com volumes de 80 a 100mm, auxiliando no d\u00e9ficit h\u00eddrico das lavouras. O restante da regi\u00e3o deve receber de 40 a 60mm de chuva, ajudando a repor a umidade do solo sem prejudicar as opera\u00e7\u00f5es agr\u00edcolas. No Rio Grande do Sul, a situa\u00e7\u00e3o ser\u00e1 mais quente e seca, com precipita\u00e7\u00e3o limitada a 20 a 30mm, insuficiente para recuperar as lavouras de ver\u00e3o.<\/p>\n<h2 class=\"wp-block-heading\" id=\"h-no-sudeste\">No Sudeste<\/h2>\n<p>A frente fria que avan\u00e7a no alto mar trar\u00e1 temporais em S\u00e3o Paulo, sul do Rio de Janeiro, Tri\u00e2ngulo Mineiro e sul de Minas Gerais. O volume de chuva pode ultrapassar os 150mm nessas \u00e1reas, o que pode dificultar a colheita da safra de ver\u00e3o. Em outros locais de S\u00e3o Paulo, o acumulado deve ficar em torno de 100mm, ajudando na recupera\u00e7\u00e3o de pastagens e nas lavouras. J\u00e1 o centro-norte de Minas Gerais e o Esp\u00edrito Santo devem ter chuvas de at\u00e9 50mm, contribuindo para a boa umidade do solo.<\/p>\n<\/div>\n<div>\n<h2 class=\"wp-block-heading\" id=\"h-centro-oeste\">Centro-Oeste<\/h2>\n<p>O tempo ser\u00e1 abafado e com risco de temporais no sul de Mato Grosso, centro-sul de Goi\u00e1s e em Mato Grosso do Sul. A previs\u00e3o \u00e9 de chuvas volumosas no sul de Goi\u00e1s, com acumulados acima de 150mm, o que pode inviabilizar os trabalhos agr\u00edcolas. <\/p>\n<p>No restante de Goi\u00e1s e Mato Grosso do Sul, os volumes devem atingir cerca de 100mm, beneficiando as lavouras e o gado. J\u00e1 em Mato Grosso, a previs\u00e3o \u00e9 de uma semana mais otimista, com precipita\u00e7\u00e3o entre 20 e 30mm, o que ajudar\u00e1 no avan\u00e7o da colheita de soja, mas as chuvas no sudeste do estado continuam atrasando a secagem das vagens.<\/p>\n<h2 class=\"wp-block-heading\" id=\"h-e-como-fica-o-tempo-no-nordeste\">E como fica o tempo no Nordeste?<\/h2>\n<p>O tempo ser\u00e1 quente e com pancadas de chuva mais irregulares na Bahia, Sergipe e Alagoas. J\u00e1 no Maranh\u00e3o, Piau\u00ed, Cear\u00e1, interior do Rio Grande do Norte e Pernambuco, as chuvas podem ser fortes, com volumes variando entre 60 e 80mm, favorecendo o desenvolvimento dos cultivos. <\/p>\n<p>Na regi\u00e3o do oeste da Bahia e no interior de Pernambuco, Para\u00edba, Rio Grande do Norte e Cear\u00e1, o volume de chuva ser\u00e1 em torno de 40mm, ajudando a aliviar o calor e a repor a umidade do solo. Por\u00e9m, a seca persiste na faixa leste, onde as chuvas podem prejudicar as lavouras e aumentar o risco de focos de inc\u00eandio.<\/p>\n<h2 class=\"wp-block-heading\" id=\"h-norte-do-brasil\">Norte do Brasil<\/h2>\n<p>A semana come\u00e7ar\u00e1 abafada, com risco de chuvas fortes em todos os estados. As pancadas de chuva podem ocorrer a qualquer momento no Tocantins, Par\u00e1, Roraima e Acre, com risco de temporais no Amap\u00e1 e Amazonas. A previs\u00e3o \u00e9 de volumes de chuva em torno de 50mm em todos os estados, o que ajudar\u00e1 na recupera\u00e7\u00e3o das pastagens e no desenvolvimento das lavouras de ver\u00e3o. No entanto, os produtores devem ficar atentos ao manejo fitossanit\u00e1rio, pois o aumento da umidade pode intensificar a press\u00e3o de pragas nas lavouras.<\/p>\n<\/p><\/div>\n<p><br \/>\n<br \/><a href=\"https:\/\/www.canalrural.com.br\/tempo\/temporais-e-temperaturas-elevadas-no-brasil-confira-como-fica-o-tempo-nesta-semana\/\">Source link <\/a><\/p>\n","protected":false},"excerpt":{"rendered":"<p>A previs\u00e3o do tempo para o per\u00edodo de 27 a 31 de janeiro aponta para varia\u00e7\u00f5es clim\u00e1ticas em diversas regi\u00f5es<\/p>\n","protected":false},"author":1,"featured_media":8607,"comment_status":"open","ping_status":"open","sticky":false,"template":"","format":"standard","meta":{"_monsterinsights_skip_tracking":false,"_monsterinsights_sitenote_active":false,"_monsterinsights_sitenote_note":"","_monsterinsights_sitenote_category":0,"_uf_show_specific_survey":0,"_uf_disable_surveys":false,"footnotes":""},"categories":[1],"tags":[],"class_list":["post-8606","post","type-post","status-publish","format-standard","has-post-thumbnail","hentry","category-news"],"_links":{"self":[{"href":"https:\/\/agromt.news\/index.php?rest_route=\/wp\/v2\/posts\/8606"}],"collection":[{"href":"https:\/\/agromt.news\/index.php?rest_route=\/wp\/v2\/posts"}],"about":[{"href":"https:\/\/agromt.news\/index.php?rest_route=\/wp\/v2\/types\/post"}],"author":[{"embeddable":true,"href":"https:\/\/agromt.news\/index.php?rest_route=\/wp\/v2\/users\/1"}],"replies":[{"embeddable":true,"href":"https:\/\/agromt.news\/index.php?rest_route=%2Fwp%2Fv2%2Fcomments&post=8606"}],"version-history":[{"count":0,"href":"https:\/\/agromt.news\/index.php?rest_route=\/wp\/v2\/posts\/8606\/revisions"}],"wp:featuredmedia":[{"embeddable":true,"href":"https:\/\/agromt.news\/index.php?rest_route=\/wp\/v2\/media\/8607"}],"wp:attachment":[{"href":"https:\/\/agromt.news\/index.php?rest_route=%2Fwp%2Fv2%2Fmedia&parent=8606"}],"wp:term":[{"taxonomy":"category","embeddable":true,"href":"https:\/\/agromt.news\/index.php?rest_route=%2Fwp%2Fv2%2Fcategories&post=8606"},{"taxonomy":"post_tag","embeddable":true,"href":"https:\/\/agromt.news\/index.php?rest_route=%2Fwp%2Fv2%2Ftags&post=8606"}],"curies":[{"name":"wp","href":"https:\/\/api.w.org\/{rel}","templated":true}]}}