{"id":8604,"date":"2025-01-26T13:25:35","date_gmt":"2025-01-26T17:25:35","guid":{"rendered":"https:\/\/agromt.news\/?p=8604"},"modified":"2025-01-26T13:25:35","modified_gmt":"2025-01-26T17:25:35","slug":"qualidade-da-maca-deve-impulsionar-crescimento-de-20-na-atual-safra","status":"publish","type":"post","link":"https:\/\/agromt.news\/?p=8604","title":{"rendered":"Qualidade da ma\u00e7\u00e3 deve impulsionar crescimento de 20% na atual safra"},"content":{"rendered":"<p> <br \/>\n<br \/><img decoding=\"async\" src=\"https:\/\/agromt.news\/wp-content\/uploads\/2025\/01\/Qualidade-da-maca-deve-impulsionar-crescimento-de-20-na-atual.jpg\" \/><\/p>\n<div>\n<p>A ma\u00e7\u00e3, uma das frutas mais tradicionais do pa\u00eds, est\u00e1 pronta para ser colhida. A Associa\u00e7\u00e3o Brasileira dos Produtores de Ma\u00e7\u00e3 (ABPM) projeta que a safra deste ano alcance <strong>915 mil toneladas<\/strong>, representando um aumento de cerca de 10% em rela\u00e7\u00e3o ao ciclo anterior.<\/p>\n<p>Contudo, o grande diferencial desta safra \u00e9 a sua qualidade excepcional. \u201cOs frutos apresentam tamanho m\u00e9dio superior, \u00f3tima colora\u00e7\u00e3o e caracter\u00edsticas ideais para uma boa conserva\u00e7\u00e3o p\u00f3s-colheita. Isso deve garantir um aproveitamento ainda maior para embalagem e oferta de <strong><a href=\"https:\/\/www.canalrural.com.br\/tag\/frutas\/\">frutas frescas<\/a><\/strong>, com uma oferta potencial <strong>20%<\/strong> superior \u00e0 de 2024\u2033, diz a entidade, em nota.<\/p>\n<p>A abertura oficial da colheita da safra 2024\/2025 ocorrer\u00e1 no dia 31 de janeiro, no Hotel Renar, em Fraiburgo, Santa Catarina. A cidade \u00e9 conhecida como a \u201cTerra da Ma\u00e7\u00e3\u201d.  <\/p>\n<p>Para o presidente da ABPM, Francisco Schio, o evento simboliza uma etapa importante para os produtores. \u201cEstamos iniciando mais um ciclo de colheita com grande expectativa. A qualidade da ma\u00e7\u00e3 est\u00e1 excelente, e a previs\u00e3o \u00e9 de que o aumento da produ\u00e7\u00e3o traga \u00f3timos resultados. [\u2026] Temos certeza de que este ser\u00e1 um ano muito positivo para os produtores e consumidores\u201d, destaca.<\/p>\n<\/div>\n<div>\n<p>O prefeito de Fraiburgo, Wilson Ribeiro Cardoso Jr., ressalta que a colheita da ma\u00e7\u00e3 \u00e9 uma atividade econ\u00f4mica vital para o munic\u00edpio. \u201cAl\u00e9m disso, a cultura da ma\u00e7\u00e3 abre portas para o turismo, atraindo visitantes interessados em conhecer as planta\u00e7\u00f5es e colher o fruto no p\u00e9, o que por sua vez impulsiona o com\u00e9rcio local e diversifica as oportunidades econ\u00f4micas no munic\u00edpio.\u201d<\/p>\n<h2 class=\"wp-block-heading\" id=\"h-maca-fruta-para-o-ano-todo\">Ma\u00e7\u00e3: fruta para o ano todo<\/h2>\n<p>A ma\u00e7\u00e3 \u00e9 uma fruta que pode ser consumida ao longo de todo o ano, gra\u00e7as \u00e0s tecnologias avan\u00e7adas e \u00e0 capacidade de frigorifica\u00e7\u00e3o. De acordo com a ABPM, o armazenamento em c\u00e2maras frigor\u00edficas controladas garante que as ma\u00e7\u00e3s mantenham sua qualidade, frescor e caracter\u00edsticas de sabor, textura e apar\u00eancia por per\u00edodos prolongados.<\/p>\n<p>O Brasil possui mais de 33 mil hectares de pomares, com um potencial produtivo superior a 1,35 milh\u00e3o de toneladas anuais, o que gera mais de 120 mil empregos diretos e indiretos, conforme dados da ABPM. <\/p>\n<p>Atualmente, a grande maioria das ma\u00e7\u00e3s voltadas ao mercado interno s\u00e3o produzidas nacionalmente, tornando a fruta a terceira mais consumida no pa\u00eds.<\/p>\n<\/p><\/div>\n<p><br \/>\n<br \/><a href=\"https:\/\/www.canalrural.com.br\/agricultura\/qualidade-da-maca-deve-impulsionar-crescimento-de-20-na-atual-safra\/\">Source link <\/a><\/p>\n","protected":false},"excerpt":{"rendered":"<p>A ma\u00e7\u00e3, uma das frutas mais tradicionais do pa\u00eds, est\u00e1 pronta para ser colhida. A Associa\u00e7\u00e3o Brasileira dos Produtores de<\/p>\n","protected":false},"author":1,"featured_media":8605,"comment_status":"open","ping_status":"open","sticky":false,"template":"","format":"standard","meta":{"_monsterinsights_skip_tracking":false,"_monsterinsights_sitenote_active":false,"_monsterinsights_sitenote_note":"","_monsterinsights_sitenote_category":0,"_uf_show_specific_survey":0,"_uf_disable_surveys":false,"footnotes":""},"categories":[1],"tags":[],"class_list":["post-8604","post","type-post","status-publish","format-standard","has-post-thumbnail","hentry","category-news"],"_links":{"self":[{"href":"https:\/\/agromt.news\/index.php?rest_route=\/wp\/v2\/posts\/8604"}],"collection":[{"href":"https:\/\/agromt.news\/index.php?rest_route=\/wp\/v2\/posts"}],"about":[{"href":"https:\/\/agromt.news\/index.php?rest_route=\/wp\/v2\/types\/post"}],"author":[{"embeddable":true,"href":"https:\/\/agromt.news\/index.php?rest_route=\/wp\/v2\/users\/1"}],"replies":[{"embeddable":true,"href":"https:\/\/agromt.news\/index.php?rest_route=%2Fwp%2Fv2%2Fcomments&post=8604"}],"version-history":[{"count":0,"href":"https:\/\/agromt.news\/index.php?rest_route=\/wp\/v2\/posts\/8604\/revisions"}],"wp:featuredmedia":[{"embeddable":true,"href":"https:\/\/agromt.news\/index.php?rest_route=\/wp\/v2\/media\/8605"}],"wp:attachment":[{"href":"https:\/\/agromt.news\/index.php?rest_route=%2Fwp%2Fv2%2Fmedia&parent=8604"}],"wp:term":[{"taxonomy":"category","embeddable":true,"href":"https:\/\/agromt.news\/index.php?rest_route=%2Fwp%2Fv2%2Fcategories&post=8604"},{"taxonomy":"post_tag","embeddable":true,"href":"https:\/\/agromt.news\/index.php?rest_route=%2Fwp%2Fv2%2Ftags&post=8604"}],"curies":[{"name":"wp","href":"https:\/\/api.w.org\/{rel}","templated":true}]}}