{"id":859,"date":"2024-08-27T19:16:00","date_gmt":"2024-08-27T23:16:00","guid":{"rendered":"https:\/\/agromt.news\/?p=859"},"modified":"2024-08-27T19:16:00","modified_gmt":"2024-08-27T23:16:00","slug":"rondonia-declara-situacao-de-emergencia-por-incendios-florestais","status":"publish","type":"post","link":"https:\/\/agromt.news\/?p=859","title":{"rendered":"Rond\u00f4nia declara situa\u00e7\u00e3o de emerg\u00eancia por inc\u00eandios florestais"},"content":{"rendered":"<p> <br \/>\n<br \/><img decoding=\"async\" src=\"https:\/\/agromt.news\/wp-content\/uploads\/2024\/08\/Rondonia-declara-situacao-de-emergencia-por-incendios-florestais.jpg\" \/><\/p>\n<div>\n<p>O governo de Rond\u00f4nia declarou situa\u00e7\u00e3o de emerg\u00eancia em raz\u00e3o de inc\u00eandios florestais. O decreto foi publicado no Di\u00e1rio Oficial do estado. O texto cita <strong>\u201csitua\u00e7\u00e3o cr\u00edtica de estiagem\u201d <\/strong>que atinge a regi\u00e3o desde o segundo semestre de 2023, por conta da redu\u00e7\u00e3o significativa das chuvas.<\/p>\n<p>Este ano, Rond\u00f4nia registrou 4.197 focos de inc\u00eandios nas cidades e 690 em \u00e1reas de conserva\u00e7\u00e3o, totalizando <strong>4.887 focos<\/strong>, o dobro do anotado em 2023. Fogo destruiu 107.216 hectares de floresta.<\/p>\n<p>Segundo a publica\u00e7\u00e3o, a escassez de chuvas tende a persistir por pelo menos mais tr\u00eas meses, \u201cprovocando uma severa redu\u00e7\u00e3o no n\u00edvel dos rios e na umidade relativa do ar, aumentando significativamente o n\u00famero e os riscos de inc\u00eandios florestais e queimadas urbanas, al\u00e9m de agravar os danos \u00e0 sa\u00fade p\u00fablica e ao meio ambiente\u201d.<\/p>\n<\/div>\n<div>\n<h2 class=\"wp-block-heading\" id=\"h-focos-de-calor\">Focos de calor<\/h2>\n<p>Dados de 2024 apontam para um aumento de <strong>43,2%<\/strong> nos focos de calor na Amaz\u00f4nia em compara\u00e7\u00e3o ao mesmo per\u00edodo de 2023, sendo Rond\u00f4nia uma das \u00e1reas mais afetadas da regi\u00e3o, com aumento de 23,7% dos focos de inc\u00eandio apenas em agosto. O governo do estado levou em considera\u00e7\u00e3o ainda:<\/p>\n<ul class=\"wp-block-list\">\n<li>preju\u00edzos econ\u00f4micos e sociais \u00e0 popula\u00e7\u00e3o afetada e a imperiosidade de se resguardar a dignidade da pessoa humana com o atendimento de suas necessidades b\u00e1sicas;<\/li>\n<li>que equipes de combate a inc\u00eandios florestais enfrentam consider\u00e1veis desafios de acesso \u00e0s regi\u00f5es afetadas, especialmente em \u00e1reas isoladas, na qual a infraestrutura de transporte terrestre e fluvial \u00e9 inexistente ou severamente limitada, impedindo a chegada r\u00e1pida e eficiente de recursos necess\u00e1rios para controlar as chamas;<\/li>\n<li>que o panorama das queimadas em Rond\u00f4nia tornou-se extremamente preocupante, com n\u00fameros que superam significativamente os registrados em anos anteriores, contabilizando, no per\u00edodo de 1\u00ba de janeiro a 19 de agosto de 2024, 4.197 focos de inc\u00eandios nos munic\u00edpios e 690 em \u00e1reas de conserva\u00e7\u00e3o estadual, totalizando 4.887 focos, o dobro do registrado em 2023. Aproximadamente 107.216 hectares de floresta foram destru\u00eddos pelo fogo;<\/li>\n<li>que a seca hidrol\u00f3gica excepcional impactou dramaticamente o Rio Madeira, que registrou n\u00edveis excessivamente baixos, cen\u00e1rio que representa um dos anos mais desafiadores para a Amaz\u00f4nia, sendo Rond\u00f4nia um dos estados mais afetados. A escassez de chuvas, associada ao fen\u00f4meno El Ni\u00f1o e \u00e0s mudan\u00e7as clim\u00e1ticas, criou condi\u00e7\u00f5es prop\u00edcias para a expans\u00e3o descontrolada das queimadas;<\/li>\n<li>a intensidade dos desastres demandar\u00e1 uma resposta n\u00e3o prevista nos planejamentos anuais e plurianuais, impactando substancialmente os or\u00e7amentos das secretarias estaduais e comprometendo as a\u00e7\u00f5es de resposta aos desastres previstos para esse per\u00edodo;<\/li>\n<li>que popula\u00e7\u00f5es vulner\u00e1veis \u2013 crian\u00e7as, idosos, gestantes, indiv\u00edduos com doen\u00e7as cardiorrespirat\u00f3rias preexistentes, pessoas de baixo n\u00edvel socioecon\u00f4mico e trabalhadores expostos ao ar livre \u2013 est\u00e3o sob maior risco de sofrerem efeitos adversos relacionados \u00e0 polui\u00e7\u00e3o do ar.<\/li>\n<\/ul>\n<p>\u201cA declara\u00e7\u00e3o de emerg\u00eancia \u00e9 motivada pelos intensos inc\u00eandios florestais e pela baixa umidade relativa do ar que afetam Rond\u00f4nia, prejudicando tanto as popula\u00e7\u00f5es urbanas e rurais, quanto as \u00e1reas de prote\u00e7\u00e3o ambiental, causando impactos significativos nas atividades agr\u00edcolas, pecu\u00e1rias, na navegabilidade dos rios e em outras atividades econ\u00f4micas e essenciais para a popula\u00e7\u00e3o.\u201d<\/p>\n<p>O decreto entra em vigor na data da publica\u00e7\u00e3o e tem validade de <strong>180 dias<\/strong>.<\/p>\n<\/div>\n<p><br \/>\n<br \/><a href=\"https:\/\/www.canalrural.com.br\/agricultura\/rondonia-declara-situacao-de-emergencia-por-incendios-florestais\/\">Source link <\/a><\/p>\n","protected":false},"excerpt":{"rendered":"<p>O governo de Rond\u00f4nia declarou situa\u00e7\u00e3o de emerg\u00eancia em raz\u00e3o de inc\u00eandios florestais. O decreto foi publicado no Di\u00e1rio Oficial<\/p>\n","protected":false},"author":1,"featured_media":860,"comment_status":"open","ping_status":"open","sticky":false,"template":"","format":"standard","meta":{"_monsterinsights_skip_tracking":false,"_monsterinsights_sitenote_active":false,"_monsterinsights_sitenote_note":"","_monsterinsights_sitenote_category":0,"_uf_show_specific_survey":0,"_uf_disable_surveys":false,"footnotes":""},"categories":[1],"tags":[],"class_list":["post-859","post","type-post","status-publish","format-standard","has-post-thumbnail","hentry","category-news"],"_links":{"self":[{"href":"https:\/\/agromt.news\/index.php?rest_route=\/wp\/v2\/posts\/859"}],"collection":[{"href":"https:\/\/agromt.news\/index.php?rest_route=\/wp\/v2\/posts"}],"about":[{"href":"https:\/\/agromt.news\/index.php?rest_route=\/wp\/v2\/types\/post"}],"author":[{"embeddable":true,"href":"https:\/\/agromt.news\/index.php?rest_route=\/wp\/v2\/users\/1"}],"replies":[{"embeddable":true,"href":"https:\/\/agromt.news\/index.php?rest_route=%2Fwp%2Fv2%2Fcomments&post=859"}],"version-history":[{"count":0,"href":"https:\/\/agromt.news\/index.php?rest_route=\/wp\/v2\/posts\/859\/revisions"}],"wp:featuredmedia":[{"embeddable":true,"href":"https:\/\/agromt.news\/index.php?rest_route=\/wp\/v2\/media\/860"}],"wp:attachment":[{"href":"https:\/\/agromt.news\/index.php?rest_route=%2Fwp%2Fv2%2Fmedia&parent=859"}],"wp:term":[{"taxonomy":"category","embeddable":true,"href":"https:\/\/agromt.news\/index.php?rest_route=%2Fwp%2Fv2%2Fcategories&post=859"},{"taxonomy":"post_tag","embeddable":true,"href":"https:\/\/agromt.news\/index.php?rest_route=%2Fwp%2Fv2%2Ftags&post=859"}],"curies":[{"name":"wp","href":"https:\/\/api.w.org\/{rel}","templated":true}]}}