{"id":857,"date":"2024-08-27T18:12:19","date_gmt":"2024-08-27T22:12:19","guid":{"rendered":"https:\/\/agromt.news\/?p=857"},"modified":"2024-08-27T18:12:19","modified_gmt":"2024-08-27T22:12:19","slug":"casa-canal-rural-tera-apresentacao-do-plano-safra-da-agricultura-familiar","status":"publish","type":"post","link":"https:\/\/agromt.news\/?p=857","title":{"rendered":"Casa Canal Rural ter\u00e1 apresenta\u00e7\u00e3o do Plano Safra da Agricultura familiar"},"content":{"rendered":"<p> <br \/>\n<br \/><img decoding=\"async\" src=\"https:\/\/agromt.news\/wp-content\/uploads\/2024\/08\/Casa-Canal-Rural-tera-apresentacao-do-Plano-Safra-da-Agricultura.jpeg\" \/><\/p>\n<div>\n<p>A <strong>Casa Canal Rural<\/strong> na <strong>Expointer<\/strong> recebe nesta quinta-feira (29), \u00e0s 14h, o evento de apresenta\u00e7\u00e3o do <strong><a href=\"https:\/\/www.canalrural.com.br\/tag\/plana-safra\/\">Plano Safra 24\/25 para a Agricultura Familiar<\/a><\/strong>.\u00a0O evento ser\u00e1 transmitido ao vivo pelo YouTube do Canal Rural.<\/p>\n<p><em>Confira na palma da m\u00e3o informa\u00e7\u00f5es quentes sobre agricultura, pecu\u00e1ria, economia e previs\u00e3o do tempo:<\/em><a href=\"https:\/\/www.whatsapp.com\/channel\/0029Va9VnZxGk1FplZjiW43k\"><em> <\/em><strong>siga o Canal Rural no WhatsApp<\/strong><\/a>!<\/p>\n<p>Os ministros do Desenvolvimento Agr\u00e1rio, <strong>Paulo Teixeira<\/strong>; de Apoio \u00e0 Reconstru\u00e7\u00e3o do Rio Grande do Sul, <strong>Paulo Pimenta<\/strong> e o presidente da Conab, <strong>Edegar Pretto<\/strong> v\u00e3o detalhar o plano que ter\u00e1 nesta temporada agr\u00edcola R$ 76 bilh\u00f5es em cr\u00e9dito e mais R$ 9,7 bilh\u00f5es para compras p\u00fablicas, assist\u00eancia t\u00e9cnica e extens\u00e3o rural, Garantia-Safra e PGPM-bio.<\/p>\n<\/div>\n<div>\n<p>Entre as a\u00e7\u00f5es a serem divulgadas est\u00e3o as taxas de juros para as 10 linhas do Programa Nacional de Fortalecimento da Agricultura Familiar (Pronaf) e as novidades do plano como uma linha para aquisi\u00e7\u00e3o de m\u00e1quinas de pequeno porte.<\/p>\n<h4 class=\"wp-block-heading\" id=\"h-saiba-mais\"><strong>Saiba mais<\/strong><\/h4>\n<p><em>Apresenta\u00e7\u00e3o Plano Safra 24\/25 para Agricultura Familiar<\/em><\/p>\n<p><strong>Data:<\/strong>\u00a029\/8<\/p>\n<p><strong>Hora:<\/strong>\u00a014h<\/p>\n<p><strong>Local:<\/strong>\u00a0Casa Canal Rural na Expointer<\/p>\n<p><em>Transmiss\u00e3o ao vivo no youtube do Canal Rural<\/em><\/p>\n<\/div>\n<p><br \/>\n<br \/><a href=\"https:\/\/www.canalrural.com.br\/agricultura\/casa-canal-rural-tera-apresentacao-do-plano-safra-da-agricultura-familiar\/\">Source link <\/a><\/p>\n","protected":false},"excerpt":{"rendered":"<p>A Casa Canal Rural na Expointer recebe nesta quinta-feira (29), \u00e0s 14h, o evento de apresenta\u00e7\u00e3o do Plano Safra 24\/25<\/p>\n","protected":false},"author":1,"featured_media":858,"comment_status":"open","ping_status":"open","sticky":false,"template":"","format":"standard","meta":{"_monsterinsights_skip_tracking":false,"_monsterinsights_sitenote_active":false,"_monsterinsights_sitenote_note":"","_monsterinsights_sitenote_category":0,"_uf_show_specific_survey":0,"_uf_disable_surveys":false,"footnotes":""},"categories":[1],"tags":[],"class_list":["post-857","post","type-post","status-publish","format-standard","has-post-thumbnail","hentry","category-news"],"_links":{"self":[{"href":"https:\/\/agromt.news\/index.php?rest_route=\/wp\/v2\/posts\/857"}],"collection":[{"href":"https:\/\/agromt.news\/index.php?rest_route=\/wp\/v2\/posts"}],"about":[{"href":"https:\/\/agromt.news\/index.php?rest_route=\/wp\/v2\/types\/post"}],"author":[{"embeddable":true,"href":"https:\/\/agromt.news\/index.php?rest_route=\/wp\/v2\/users\/1"}],"replies":[{"embeddable":true,"href":"https:\/\/agromt.news\/index.php?rest_route=%2Fwp%2Fv2%2Fcomments&post=857"}],"version-history":[{"count":0,"href":"https:\/\/agromt.news\/index.php?rest_route=\/wp\/v2\/posts\/857\/revisions"}],"wp:featuredmedia":[{"embeddable":true,"href":"https:\/\/agromt.news\/index.php?rest_route=\/wp\/v2\/media\/858"}],"wp:attachment":[{"href":"https:\/\/agromt.news\/index.php?rest_route=%2Fwp%2Fv2%2Fmedia&parent=857"}],"wp:term":[{"taxonomy":"category","embeddable":true,"href":"https:\/\/agromt.news\/index.php?rest_route=%2Fwp%2Fv2%2Fcategories&post=857"},{"taxonomy":"post_tag","embeddable":true,"href":"https:\/\/agromt.news\/index.php?rest_route=%2Fwp%2Fv2%2Ftags&post=857"}],"curies":[{"name":"wp","href":"https:\/\/api.w.org\/{rel}","templated":true}]}}