{"id":855,"date":"2024-08-27T17:11:35","date_gmt":"2024-08-27T21:11:35","guid":{"rendered":"https:\/\/agromt.news\/?p=855"},"modified":"2024-08-27T17:11:35","modified_gmt":"2024-08-27T21:11:35","slug":"queimada-em-sp-faz-o-acucar-subir-na-bolsa-veja-como-consumidor-pode-ser-afetado","status":"publish","type":"post","link":"https:\/\/agromt.news\/?p=855","title":{"rendered":"Queimada em SP faz o a\u00e7\u00facar subir na bolsa; veja como consumidor pode ser afetado"},"content":{"rendered":"<p> <br \/>\n<\/p>\n<div>\n<p>Os <a href=\"https:\/\/www.cnnbrasil.com.br\/economia\/macroeconomia\/produtores-de-cana-estimam-prejuizo-de-r-350-milhoes-por-incendios-em-sp\/\">inc\u00eandios que atingiram os canaviais do estado de S\u00e3o Paulo<\/a> nos \u00faltimos dias possivelmente n\u00e3o ir\u00e3o afetar o pre\u00e7o para o consumidor final de <a href=\"https:\/\/www.cnnbrasil.com.br\/tudo-sobre\/acucar\/\">a\u00e7\u00facar<\/a> e etanol, dizem analistas ouvidos pela <strong>CNN<\/strong>. Para os analistas, o aumento ser\u00e1 sentido principalmente por importadores.<\/p>\n<p>O <a href=\"https:\/\/www.cnnbrasil.com.br\/economia\/mercado\/acucar-bruto-salta-35-em-ny-apos-incendios-em-canaviais-no-brasil\/\">a\u00e7\u00facar bruto fechou, nesta segunda-feira (26), em alta de 3,5%<\/a>, a US$ 0,19 por libra-peso, um pico para o m\u00eas. As queimadas levaram investidores a cobrir parte de sua grande posi\u00e7\u00e3o vendida em futuros da commodity em Nova York. Nesta ter\u00e7a (27), por volta das 14h20, o pre\u00e7o dos contratos futuros do a\u00e7\u00facar bruto estavam com alta de 2,36%.<\/p>\n<p><a href=\"https:\/\/www.cnnbrasil.com.br\/economia\/macroeconomia\/produtores-de-cana-estimam-prejuizo-de-r-350-milhoes-por-incendios-em-sp\/\">Os preju\u00edzos dos inc\u00eandios somente no estado de S\u00e3o Paulo foi estimado em R$ 350 milh\u00f5es<\/a>, de acordo com avalia\u00e7\u00e3o da Organiza\u00e7\u00e3o de Associa\u00e7\u00f5es de Produtores de Cana do Brasil (Orplana).<\/p>\n<p>Arnaldo Archer, diretor executivo da Archer Consulting, afirma que as queimadas n\u00e3o afetaram a demanda para o consumidor final devido ao tamanho da produ\u00e7\u00e3o em contraponto ao consumo brasileiro de a\u00e7\u00facar.<\/p>\n<aside class=\"read-too read-too--with-img\">\n<h2 class=\"read-too__title'&gt;Leia Mais&lt;\/h2&gt; &lt;ul class=\" read-too__list=\"\"> <\/h2>\n<li class=\"read-too__list-item\"> <a class=\"read-too__link\" href=\"https:\/\/www.cnnbrasil.com.br\/economia\/macroeconomia\/sp-produz-mais-da-metade-do-acucar-nacional-veja-o-que-mais-e-cultivado-no-estado\/\" target=\"_self\" rel=\"noopener\"> <picture class=\"read-too__picture\"> <img decoding=\"async\" class=\"read-too__img\" src=\"https:\/\/www.cnnbrasil.com.br\/wp-content\/uploads\/sites\/12\/2022\/03\/james-baltz-jAt6cN6zl8M-unsplash.jpg?w=200\" alt=\"SP produz mais da metade do a\u00e7\u00facar nacional; veja o que mais \u00e9 cultivado no estado\" title=\"SP produz mais da metade do a\u00e7\u00facar nacional; veja o que mais \u00e9 cultivado no estado'\" loading=\"lazy\"\/> <\/picture>\n<h3 class=\"read-too__post-title\">SP produz mais da metade do a\u00e7\u00facar nacional; veja o que mais \u00e9 cultivado no estado<\/h3>\n<p> <\/a><\/li>\n<li class=\"read-too__list-item\"> <a class=\"read-too__link\" href=\"https:\/\/www.cnnbrasil.com.br\/economia\/macroeconomia\/seca-preocupa-em-relacao-a-reducao-dos-niveis-dos-reservatorios-diz-diretor-geral-da-aneel-2\/\" target=\"_self\" rel=\"noopener\"> <picture class=\"read-too__picture\"> <img decoding=\"async\" class=\"read-too__img\" src=\"https:\/\/www.cnnbrasil.com.br\/wp-content\/uploads\/sites\/12\/Reuters_Direct_Media\/BrazilOnlineReportWorldNews\/tagreuters.com2024binary_LYNXNPEK370N1-FILEDIMAGE.jpg?w=200\" alt=\"Seca preocupa em rela\u00e7\u00e3o \u00e0 redu\u00e7\u00e3o dos n\u00edveis dos reservat\u00f3rios, diz diretor-geral da Aneel\" title=\"Seca preocupa em rela\u00e7\u00e3o \u00e0 redu\u00e7\u00e3o dos n\u00edveis dos reservat\u00f3rios, diz diretor-geral da Aneel'\" loading=\"lazy\"\/> <\/picture>\n<h3 class=\"read-too__post-title\">Seca preocupa em rela\u00e7\u00e3o \u00e0 redu\u00e7\u00e3o dos n\u00edveis dos reservat\u00f3rios, diz diretor-geral da Aneel<\/h3>\n<p> <\/a><\/li>\n<li class=\"read-too__list-item\"> <a class=\"read-too__link\" href=\"https:\/\/www.cnnbrasil.com.br\/economia\/macroeconomia\/entenda-os-possiveis-impactos-dos-incendios-em-sp-para-agropecuaria-do-estado\/\" target=\"_self\" rel=\"noopener\"> <picture class=\"read-too__picture\"> <img decoding=\"async\" class=\"read-too__img\" src=\"https:\/\/www.cnnbrasil.com.br\/wp-content\/uploads\/sites\/12\/Reuters_Direct_Media\/BrazilOnlineReportAgribusinessNews\/tagreuters.com2024binary_LYNXMPEK7P0P7-FILEDIMAGE.jpg?w=200\" alt=\"Entenda os poss\u00edveis impactos dos inc\u00eandios em SP para agropecu\u00e1ria do estado\" title=\"Entenda os poss\u00edveis impactos dos inc\u00eandios em SP para agropecu\u00e1ria do estado'\" loading=\"lazy\"\/> <\/picture>\n<h3 class=\"read-too__post-title\">Entenda os poss\u00edveis impactos dos inc\u00eandios em SP para agropecu\u00e1ria do estado<\/h3>\n<p> <\/a><\/li>\n<\/aside>\n<p>\u201cQuando se compara o que se consome comparativamente ao que \u00e9 produzido, n\u00e3o se trata de algo significativo para afetar o pre\u00e7o. O consumo interno representa em torno de 25%\u201d, explica.<\/p>\n<p>\u201cS\u00f3 7,5% dessa fra\u00e7\u00e3o \u00e9 comercializada no dia-a-dia, o que representa muito pouco para impactar o pre\u00e7o\u201d.<\/p>\n<p>Segundo o especialista, as queimadas afetaram cerca de 0,7% da produ\u00e7\u00e3o do centro-sul, da qual o estado de S\u00e3o Paulo faz parte, que comparado \u00e0 produ\u00e7\u00e3o estimada de 605 milh\u00f5es de toneladas ao ano, n\u00e3o cria um problema de disponibilidade do produto.<\/p>\n<p>Poss\u00edvel medidas para compensar os preju\u00edzos dos canaviais atingidos podem causar aumentos marginais e pontuais no pre\u00e7o do a\u00e7\u00facar. De acordo com Andr\u00e9 Braz, economista da Funda\u00e7\u00e3o Getulio Vargas (FGV), esse \u00e9 o motivo mais prov\u00e1vel que levaria ao aumento do pre\u00e7o do a\u00e7\u00facar.<\/p>\n<p>\u201cPode se ver um aumento n\u00e3o percept\u00edvel no custo final, caso haja medidas para mitigar a falta da produ\u00e7\u00e3o das \u00e1reas afetadas. Custos de log\u00edsticas ou aumento em regi\u00f5es que tiveram a oferta desviada para conter a produ\u00e7\u00e3o queimada podem afetar o pre\u00e7o\u201d, afirma Braz.<\/p>\n<p>A <a href=\"https:\/\/www.cnnbrasil.com.br\/nacional\/mais-da-metade-do-brasil-enfrenta-pior-seca-dos-ultimos-44-anos-afirma-cemaden\/\">seca severa que afeta 16 estados brasileiros<\/a>, considerada a pior nos \u00faltimos 44 anos, pode afetar mais o pre\u00e7o dos derivados da cana-de-a\u00e7\u00facar que as queimadas.<\/p>\n<p>\u201cA seca tem um impacto que pode ser 10 vezes maior que as queimadas. Uma redu\u00e7\u00e3o de disponibilidade de a\u00e7\u00facar na ordem de 7%, contra 0,7% dos focos de inc\u00eandio. Isso pode, no m\u00e9dio e longo prazo, afetar o pre\u00e7o tanto para o consumidor quanto ao importador\u201d, afirma Archer.<\/p>\n<p>Os <a href=\"https:\/\/www.cnnbrasil.com.br\/economia\/macroeconomia\/sp-produz-mais-da-metade-do-acucar-nacional-veja-o-que-mais-e-cultivado-no-estado\/\">cinco maiores produtores de cana-de-a\u00e7\u00facar do pa\u00eds<\/a> est\u00e3o entre os estados em per\u00edodo de seca severa: <a href=\"https:\/\/www.cnnbrasil.com.br\/tudo-sobre\/sao-paulo-estado\/\">S\u00e3o Paulo<\/a>, Minas Gerais, Goi\u00e1s, Mato Grosso do Sul e Paran\u00e1.<\/p>\n<blockquote class=\"wp-embedded-content\" data-secret=\"hZbpccsank\">\n<p><a href=\"https:\/\/stories.cnnbrasil.com.br\/economia\/estados-do-sul-e-sudeste-lideram-ranking-de-competitividade\/\">Estados do Sul e Sudeste lideram ranking de competitividade<\/a><\/p>\n<\/blockquote>\n<p><iframe class=\"wp-embedded-content\" sandbox=\"allow-scripts\" security=\"restricted\" style=\"position: absolute; clip: rect(1px, 1px, 1px, 1px);\" title=\"\u201cEstados do Sul e Sudeste lideram ranking de competitividade\u201d \u2014 Web Stories CNN Brasil\" data-src=\"https:\/\/stories.cnnbrasil.com.br\/economia\/estados-do-sul-e-sudeste-lideram-ranking-de-competitividade\/embed\/#?secret=flrQCWzCdp#?secret=hZbpccsank\" data-secret=\"hZbpccsank\" width=\"360\" height=\"600\" frameborder=\"0\" marginwidth=\"0\" marginheight=\"0\" scrolling=\"no\"><\/iframe><\/p>\n<p><em>*Com Reuters<\/em><\/p>\n<\/div>\n<p><br \/>\n<br \/><a href=\"https:\/\/www.cnnbrasil.com.br\/economia\/macroeconomia\/queimada-em-sp-faz-o-acucar-subir-na-bolsa-veja-como-consumidor-pode-ser-afetado\/\">Source link <\/a><\/p>\n","protected":false},"excerpt":{"rendered":"<p>Os inc\u00eandios que atingiram os canaviais do estado de S\u00e3o Paulo nos \u00faltimos dias possivelmente n\u00e3o ir\u00e3o afetar o pre\u00e7o<\/p>\n","protected":false},"author":1,"featured_media":856,"comment_status":"open","ping_status":"open","sticky":false,"template":"","format":"standard","meta":{"_monsterinsights_skip_tracking":false,"_monsterinsights_sitenote_active":false,"_monsterinsights_sitenote_note":"","_monsterinsights_sitenote_category":0,"_uf_show_specific_survey":0,"_uf_disable_surveys":false,"footnotes":""},"categories":[1],"tags":[],"class_list":["post-855","post","type-post","status-publish","format-standard","has-post-thumbnail","hentry","category-news"],"_links":{"self":[{"href":"https:\/\/agromt.news\/index.php?rest_route=\/wp\/v2\/posts\/855"}],"collection":[{"href":"https:\/\/agromt.news\/index.php?rest_route=\/wp\/v2\/posts"}],"about":[{"href":"https:\/\/agromt.news\/index.php?rest_route=\/wp\/v2\/types\/post"}],"author":[{"embeddable":true,"href":"https:\/\/agromt.news\/index.php?rest_route=\/wp\/v2\/users\/1"}],"replies":[{"embeddable":true,"href":"https:\/\/agromt.news\/index.php?rest_route=%2Fwp%2Fv2%2Fcomments&post=855"}],"version-history":[{"count":0,"href":"https:\/\/agromt.news\/index.php?rest_route=\/wp\/v2\/posts\/855\/revisions"}],"wp:featuredmedia":[{"embeddable":true,"href":"https:\/\/agromt.news\/index.php?rest_route=\/wp\/v2\/media\/856"}],"wp:attachment":[{"href":"https:\/\/agromt.news\/index.php?rest_route=%2Fwp%2Fv2%2Fmedia&parent=855"}],"wp:term":[{"taxonomy":"category","embeddable":true,"href":"https:\/\/agromt.news\/index.php?rest_route=%2Fwp%2Fv2%2Fcategories&post=855"},{"taxonomy":"post_tag","embeddable":true,"href":"https:\/\/agromt.news\/index.php?rest_route=%2Fwp%2Fv2%2Ftags&post=855"}],"curies":[{"name":"wp","href":"https:\/\/api.w.org\/{rel}","templated":true}]}}