{"id":8529,"date":"2025-01-25T10:50:57","date_gmt":"2025-01-25T14:50:57","guid":{"rendered":"https:\/\/agromt.news\/?p=8529"},"modified":"2025-01-25T10:50:57","modified_gmt":"2025-01-25T14:50:57","slug":"homem-morre-apos-ataque-de-abelhas-em-cemiterio-no-oeste-da-bahia","status":"publish","type":"post","link":"https:\/\/agromt.news\/?p=8529","title":{"rendered":"Homem morre ap\u00f3s ataque de abelhas em cemit\u00e9rio no Oeste da Bahia"},"content":{"rendered":"<p> <br \/>\n<\/p>\n<div>\n<p>Um homem morreu ap\u00f3s ser picado por abelhas no cemit\u00e9rio municipal de Riach\u00e3o das Neves, no <strong><a href=\"https:\/\/www.canalrural.com.br\/nacional\/bahia\/\">Oeste da Bahia<\/a><\/strong>, na tarde da \u00faltima quinta-feira (23). Ele estaria acompanhando um sepultamento no local, quando foi surpreendido pelos insetos.<\/p>\n<p>Por meio de nota, a prefeitura do munic\u00edpio informou que Jos\u00e9 Vicente Cardoso Filho, de 67 anos, morreu em decorr\u00eancia do ataque de um enxame de abelhas durante um enterro no cemit\u00e9rio local.<\/p>\n<p>A prefeitura, no entanto, n\u00e3o deu mais detalhes sobre o ocorrido e ressaltou que, o enxame estava no local h\u00e1 aproximadamente dois anos sem incidentes.<\/p>\n<p>De acordo com o bi\u00f3logo, Ronaldo Ursulino dos Santos, as abelhas s\u00e3o da esp\u00e9cie Apis mellifera, popularmente conhecidas como abelhas-europeias.<\/p>\n<p>Segundo a p\u00e1gina, Tudo Junto, no Instagram, testemunhas disseram que outras pessoas que acompanhavam o sepultamento teriam sido alertadas por um coveiro sobre a presen\u00e7a do enxame.<\/p>\n<p>Ainda de acordo com o perfil, o funcion\u00e1rio do cemit\u00e9rio teria pedido para que os presentes evitassem barulho ou aproxima\u00e7\u00e3o do local.<\/p>\n<p>No entanto, por algum motivo que n\u00e3o foi informado, as abelhas se espalharam rapidamente e atingiram as pessoas, tamb\u00e9m nas ruas pr\u00f3ximas ao cemit\u00e9rio.<\/p>\n<\/div>\n<div>\n<p>Em um v\u00eddeo publicado nas redes sociais, uma pessoa narra o que teria acontecido \u201cTem um ca\u00eddo l\u00e1, a viatura est\u00e1 socorrendo\u201d, mostra a grava\u00e7\u00e3o.<\/p>\n<p>Al\u00e9m da v\u00edtima, pelo menos 4 pessoas teriam sido atendidas e medicadas no Hospital Municipal Herculano Farias e receberam alta m\u00e9dica.<\/p>\n<h2 class=\"wp-block-heading\" id=\"h-resgate\">Resgate<\/h2>\n<p>O resgate do enxame foi realizado na tarde da \u00faltima sexta-feira (24), por equipes do 17\u00ba Batalh\u00e3o de Bombeiros Militar.<\/p>\n<figure class=\"wp-block-image size-large\"><img fetchpriority=\"high\" decoding=\"async\" width=\"576\" height=\"1024\" alt=\"Bombeiros capturam abelhas (Bahia)\" class=\"wp-image-4084634\"  data-lazy- src=\"https:\/\/agromt.news\/wp-content\/uploads\/2025\/01\/Homem-morre-apos-ataque-de-abelhas-em-cemiterio-no-Oeste.jpeg\"\/><img decoding=\"async\" width=\"576\" height=\"1024\" src=\"https:\/\/agromt.news\/wp-content\/uploads\/2025\/01\/Homem-morre-apos-ataque-de-abelhas-em-cemiterio-no-Oeste.jpeg\" alt=\"Bombeiros capturam abelhas (Bahia)\" class=\"wp-image-4084634\"  \/><\/figure>\n<p>De acordo com o Corpo de Bombeiros, as abelhas apresentavam comportamento agressivo.<\/p>\n<p>Ao chegarem ao local, os agentes identificaram o enxame no alto de uma \u00e1rvore, e com o apoio de um caminh\u00e3o Munck fornecido pela Secretaria de Meio Ambiente do munic\u00edpio, conseguiram alcan\u00e7ar e capturar as abelhas de forma segura, eliminando o risco para os moradores da regi\u00e3o.<\/p>\n<p>Ap\u00f3s a opera\u00e7\u00e3o, o enxame foi solto em um local isolado e apropriado na natureza, garantindo a seguran\u00e7a da popula\u00e7\u00e3o e preservando os insetos.<\/p>\n<\/p><\/div>\n<p><br \/>\n<br \/><a href=\"https:\/\/www.canalrural.com.br\/nacional\/bahia\/homem-morre-apos-ataque-de-abelhas-em-cemiterio-no-oeste-da-bahia\/\">Source link <\/a><\/p>\n","protected":false},"excerpt":{"rendered":"<p>Um homem morreu ap\u00f3s ser picado por abelhas no cemit\u00e9rio municipal de Riach\u00e3o das Neves, no Oeste da Bahia, na<\/p>\n","protected":false},"author":1,"featured_media":8530,"comment_status":"open","ping_status":"open","sticky":false,"template":"","format":"standard","meta":{"_monsterinsights_skip_tracking":false,"_monsterinsights_sitenote_active":false,"_monsterinsights_sitenote_note":"","_monsterinsights_sitenote_category":0,"_uf_show_specific_survey":0,"_uf_disable_surveys":false,"footnotes":""},"categories":[1],"tags":[],"class_list":["post-8529","post","type-post","status-publish","format-standard","has-post-thumbnail","hentry","category-news"],"_links":{"self":[{"href":"https:\/\/agromt.news\/index.php?rest_route=\/wp\/v2\/posts\/8529"}],"collection":[{"href":"https:\/\/agromt.news\/index.php?rest_route=\/wp\/v2\/posts"}],"about":[{"href":"https:\/\/agromt.news\/index.php?rest_route=\/wp\/v2\/types\/post"}],"author":[{"embeddable":true,"href":"https:\/\/agromt.news\/index.php?rest_route=\/wp\/v2\/users\/1"}],"replies":[{"embeddable":true,"href":"https:\/\/agromt.news\/index.php?rest_route=%2Fwp%2Fv2%2Fcomments&post=8529"}],"version-history":[{"count":0,"href":"https:\/\/agromt.news\/index.php?rest_route=\/wp\/v2\/posts\/8529\/revisions"}],"wp:featuredmedia":[{"embeddable":true,"href":"https:\/\/agromt.news\/index.php?rest_route=\/wp\/v2\/media\/8530"}],"wp:attachment":[{"href":"https:\/\/agromt.news\/index.php?rest_route=%2Fwp%2Fv2%2Fmedia&parent=8529"}],"wp:term":[{"taxonomy":"category","embeddable":true,"href":"https:\/\/agromt.news\/index.php?rest_route=%2Fwp%2Fv2%2Fcategories&post=8529"},{"taxonomy":"post_tag","embeddable":true,"href":"https:\/\/agromt.news\/index.php?rest_route=%2Fwp%2Fv2%2Ftags&post=8529"}],"curies":[{"name":"wp","href":"https:\/\/api.w.org\/{rel}","templated":true}]}}