{"id":8523,"date":"2025-01-25T09:10:58","date_gmt":"2025-01-25T13:10:58","guid":{"rendered":"https:\/\/agromt.news\/?p=8523"},"modified":"2025-01-25T09:10:58","modified_gmt":"2025-01-25T13:10:58","slug":"grupo-digitaliza-propriedade-no-piaui-com-redes-privativas","status":"publish","type":"post","link":"https:\/\/agromt.news\/?p=8523","title":{"rendered":"Grupo digitaliza propriedade no Piau\u00ed com redes privativas"},"content":{"rendered":"<p> <br \/>\n<\/p>\n<div>\n<p>A Fazenda Confian\u00e7a, do Grupo Franciosi Agro, localizada em Baixa Grande do Ribeiro, no Piau\u00ed, est\u00e1 revolucionando sua gest\u00e3o agr\u00edcola com o uso de tecnologia avan\u00e7ada. Em parceria com a Virtueyes IoT Solutions, a fazenda implementou redes privativas que conectam m\u00e1quinas, equipamentos e colaboradores, superando o desafio hist\u00f3rico de acesso \u00e0 internet na regi\u00e3o. \u00a0&#13;\n<\/p>\n<p>O Piau\u00ed, que registrou crescimento de 384% no valor da produ\u00e7\u00e3o agr\u00edcola nos \u00faltimos oito anos, \u00e9 um dos grandes destaques do agroneg\u00f3cio brasileiro, consolidando-se como pot\u00eancia no setor. Aproveitando esse potencial, o Grupo Franciosi, refer\u00eancia na produ\u00e7\u00e3o de soja, milho e algod\u00e3o, apostou na digitaliza\u00e7\u00e3o para ampliar sua efici\u00eancia e produtividade. \u00a0<\/p>\n<p>\u201cVimos a import\u00e2ncia da conectividade dentro da fazenda, principalmente para conectar os piv\u00f4s e demais equipamentos de telemetria da propriedade. Passamos a avaliar algumas tecnologias nesse sentido em busca de algo que cobrisse a fazenda com uma grande rede de Wi-Fi\u201d, disse Marco Gracindo, Head de Tecnologia do Grupo Franciosi Agro, respons\u00e1vel pelas \u00e1reas de inova\u00e7\u00e3o, tecnologia e agricultura digital.&#13;\n<\/p>\n<p>A solu\u00e7\u00e3o desenvolvida pela Virtueyes utiliza conectividade M2M e IoT para cobrir os 12 mil hectares da propriedade, padronizando a comunica\u00e7\u00e3o e integrando as tecnologias existentes. Al\u00e9m de otimizar processos agr\u00edcolas, a iniciativa tem impacto social positivo, proporcionando conectividade aos colaboradores, que podem manter contato com suas fam\u00edlias e acessar oportunidades de estudo. \u00a0<\/p>\n<p>Atualmente, a implementa\u00e7\u00e3o est\u00e1 em fase de valida\u00e7\u00e3o e ajustes, com planos de expandir a tecnologia para outras \u00e1reas e fazendas do grupo. Segundo Marco Gracindo, Head de Tecnologia do Grupo Franciosi, o objetivo \u00e9 garantir qualidade de sinal em toda a propriedade, refor\u00e7ando o compromisso com inova\u00e7\u00e3o e sustentabilidade no agroneg\u00f3cio. \u00a0<br \/>&#13;<br \/>\n\u00a0&#13;\n<\/p>\n<\/p><\/div>\n<p><script data-cfasync=\"false\">\n    !function (f, b, e, v, n, t, s) {\n        if (f.fbq) return; n = f.fbq = function () {\n            n.callMethod ?\n                n.callMethod.apply(n, arguments) : n.queue.push(arguments)\n        };\n        if (!f._fbq) f._fbq = n; n.push = n; n.loaded = !0; n.version = '2.0';\n        n.queue = []; t = b.createElement(e); t.async = !0;\n        t.src = v; s = b.getElementsByTagName(e)[0];\n        s.parentNode.insertBefore(t, s)\n    }(window, document, 'script',\n        'https:\/\/connect.facebook.net\/en_US\/fbevents.js');\n    fbq('init', '522546078623747');\n    fbq('track', 'PageView');\n<\/script><br \/>\n<br \/><br \/>\n<br \/><a href=\"https:\/\/www.agrolink.com.br\/noticias\/grupo-digitaliza-propriedade-no-piaui-com-redes-privativas_498735.html\">Source link <\/a><\/p>\n","protected":false},"excerpt":{"rendered":"<p>A Fazenda Confian\u00e7a, do Grupo Franciosi Agro, localizada em Baixa Grande do Ribeiro, no Piau\u00ed, est\u00e1 revolucionando sua gest\u00e3o agr\u00edcola<\/p>\n","protected":false},"author":1,"featured_media":8524,"comment_status":"open","ping_status":"open","sticky":false,"template":"","format":"standard","meta":{"_monsterinsights_skip_tracking":false,"_monsterinsights_sitenote_active":false,"_monsterinsights_sitenote_note":"","_monsterinsights_sitenote_category":0,"_uf_show_specific_survey":0,"_uf_disable_surveys":false,"footnotes":""},"categories":[8,1,14],"tags":[],"class_list":["post-8523","post","type-post","status-publish","format-standard","has-post-thumbnail","hentry","category-agro","category-news","category-politica-agro"],"_links":{"self":[{"href":"https:\/\/agromt.news\/index.php?rest_route=\/wp\/v2\/posts\/8523"}],"collection":[{"href":"https:\/\/agromt.news\/index.php?rest_route=\/wp\/v2\/posts"}],"about":[{"href":"https:\/\/agromt.news\/index.php?rest_route=\/wp\/v2\/types\/post"}],"author":[{"embeddable":true,"href":"https:\/\/agromt.news\/index.php?rest_route=\/wp\/v2\/users\/1"}],"replies":[{"embeddable":true,"href":"https:\/\/agromt.news\/index.php?rest_route=%2Fwp%2Fv2%2Fcomments&post=8523"}],"version-history":[{"count":0,"href":"https:\/\/agromt.news\/index.php?rest_route=\/wp\/v2\/posts\/8523\/revisions"}],"wp:featuredmedia":[{"embeddable":true,"href":"https:\/\/agromt.news\/index.php?rest_route=\/wp\/v2\/media\/8524"}],"wp:attachment":[{"href":"https:\/\/agromt.news\/index.php?rest_route=%2Fwp%2Fv2%2Fmedia&parent=8523"}],"wp:term":[{"taxonomy":"category","embeddable":true,"href":"https:\/\/agromt.news\/index.php?rest_route=%2Fwp%2Fv2%2Fcategories&post=8523"},{"taxonomy":"post_tag","embeddable":true,"href":"https:\/\/agromt.news\/index.php?rest_route=%2Fwp%2Fv2%2Ftags&post=8523"}],"curies":[{"name":"wp","href":"https:\/\/api.w.org\/{rel}","templated":true}]}}