{"id":8517,"date":"2025-01-25T04:04:26","date_gmt":"2025-01-25T08:04:26","guid":{"rendered":"https:\/\/agromt.news\/?p=8517"},"modified":"2025-01-25T04:04:26","modified_gmt":"2025-01-25T08:04:26","slug":"nova-frente-fria-deve-levar-temporais-para-estados-que-estavam-sofrendo-com-a-seca","status":"publish","type":"post","link":"https:\/\/agromt.news\/?p=8517","title":{"rendered":"Nova frente fria deve levar temporais para estados que estavam sofrendo com a seca"},"content":{"rendered":"<p> <br \/>\n<br \/><img decoding=\"async\" src=\"https:\/\/agromt.news\/wp-content\/uploads\/2024\/12\/Previsao-do-tempo-indica-temporais-em-duas-regioes-hoje-veja.jpeg\" \/><\/p>\n<div>\n<p>O s\u00e1bado ser\u00e1 marcado pela intensifica\u00e7\u00e3o das pancadas de chuva em grande parte do pa\u00eds. Confira a previs\u00e3o de hoje: <\/p>\n<h2 class=\"wp-block-heading\" id=\"h-sul\">Sul<\/h2>\n<p>Nova frente fria provoca aumento das condi\u00e7\u00f5es de chuva na Regi\u00e3o que vinha sofrendo com a estiagem. Assim, nuvens carregadas se formam nos tr\u00eas estados, gerando alerta de temporais a qualquer momento.<\/p>\n<h2 class=\"wp-block-heading\" id=\"h-sudeste\">Sudeste<\/h2>\n<p>Dia abafado e com condi\u00e7\u00f5es de chuva forte no oeste, centro e leste do estado de S\u00e3o Paulo durante o per\u00edodo da tarde. Chove em forma de pancadas mais localizadas em Minas Gerais, no sul do Rio de Janeiro e no centro-norte do Esp\u00edrito Santo.<\/p>\n<\/div>\n<div>\n<h2 class=\"wp-block-heading\" id=\"h-centro-oeste\">Centro-Oeste<\/h2>\n<p>Temporais em Mato Grosso do Sul e no sul de Goi\u00e1s. Fim de semana abafado e com pancadas de moderada a forte intensidade. Pode chover durante \u00e0 tarde em Mato Grosso, com risco de trovoadas.<\/p>\n<h2 class=\"wp-block-heading\" id=\"h-nordeste\">Nordeste<\/h2>\n<p>Sol e muito calor no Nordeste. A umidade continua elevada e o risco de pancadas de chuva \u00e9 alto entre o sul e leste da Bahia, al\u00e9m de no centro-sul e interior do Piau\u00ed, no Maranh\u00e3o, Cear\u00e1, litoral do Rio Grande do Norte, na Para\u00edba e em Pernambuco.<\/p>\n<h2 class=\"wp-block-heading\" id=\"h-norte\">Norte<\/h2>\n<p>A chuva acontece em todas as \u00e1reas da Regi\u00e3o, mas o tempo n\u00e3o fica completamente fechado. Dia de sol, aumento de nuvens e pancadas que podem ocorrer em v\u00e1rios per\u00edodos do dia com alerta de temporal.<\/p>\n<\/p><\/div>\n<p><br \/>\n<br \/><a href=\"https:\/\/www.canalrural.com.br\/tempo\/nova-frente-fria-deve-levar-temporais-para-estados-que-estavam-sofrendo-com-a-seca\/\">Source link <\/a><\/p>\n","protected":false},"excerpt":{"rendered":"<p>O s\u00e1bado ser\u00e1 marcado pela intensifica\u00e7\u00e3o das pancadas de chuva em grande parte do pa\u00eds. Confira a previs\u00e3o de hoje:<\/p>\n","protected":false},"author":1,"featured_media":6436,"comment_status":"open","ping_status":"open","sticky":false,"template":"","format":"standard","meta":{"_monsterinsights_skip_tracking":false,"_monsterinsights_sitenote_active":false,"_monsterinsights_sitenote_note":"","_monsterinsights_sitenote_category":0,"_uf_show_specific_survey":0,"_uf_disable_surveys":false,"footnotes":""},"categories":[1],"tags":[],"class_list":["post-8517","post","type-post","status-publish","format-standard","has-post-thumbnail","hentry","category-news"],"_links":{"self":[{"href":"https:\/\/agromt.news\/index.php?rest_route=\/wp\/v2\/posts\/8517"}],"collection":[{"href":"https:\/\/agromt.news\/index.php?rest_route=\/wp\/v2\/posts"}],"about":[{"href":"https:\/\/agromt.news\/index.php?rest_route=\/wp\/v2\/types\/post"}],"author":[{"embeddable":true,"href":"https:\/\/agromt.news\/index.php?rest_route=\/wp\/v2\/users\/1"}],"replies":[{"embeddable":true,"href":"https:\/\/agromt.news\/index.php?rest_route=%2Fwp%2Fv2%2Fcomments&post=8517"}],"version-history":[{"count":0,"href":"https:\/\/agromt.news\/index.php?rest_route=\/wp\/v2\/posts\/8517\/revisions"}],"wp:featuredmedia":[{"embeddable":true,"href":"https:\/\/agromt.news\/index.php?rest_route=\/wp\/v2\/media\/6436"}],"wp:attachment":[{"href":"https:\/\/agromt.news\/index.php?rest_route=%2Fwp%2Fv2%2Fmedia&parent=8517"}],"wp:term":[{"taxonomy":"category","embeddable":true,"href":"https:\/\/agromt.news\/index.php?rest_route=%2Fwp%2Fv2%2Fcategories&post=8517"},{"taxonomy":"post_tag","embeddable":true,"href":"https:\/\/agromt.news\/index.php?rest_route=%2Fwp%2Fv2%2Ftags&post=8517"}],"curies":[{"name":"wp","href":"https:\/\/api.w.org\/{rel}","templated":true}]}}