{"id":8515,"date":"2025-01-25T03:09:52","date_gmt":"2025-01-25T07:09:52","guid":{"rendered":"https:\/\/agromt.news\/?p=8515"},"modified":"2025-01-25T03:09:52","modified_gmt":"2025-01-25T07:09:52","slug":"acoes-europeias-encerram-semana-reduzida-por-feriado-em-baixa","status":"publish","type":"post","link":"https:\/\/agromt.news\/?p=8515","title":{"rendered":"A\u00e7\u00f5es europeias encerram semana reduzida por feriado em baixa"},"content":{"rendered":"<p> <br \/>\n<\/p>\n<div>\n<p><img decoding=\"async\" alt=\"Logotipo Reuters\" height=\"22\" src=\"https:\/\/cdn.noticiasagricolas.com.br\/dbimagens\/0f687b0f35da9d220b6477534ce7c667.gif\" width=\"71\"\/><\/p>\n<p><img decoding=\"async\" alt=\"\" src=\"https:\/\/rmb.reuters.com\/rmd\/rss\/content\/tag:reuters.com,2025:newsml_LYNXMPEL020LO:1\/tag:reuters.com,2025:binary_LYNXMPEL020LO-VIEWIMAGE\"\/>Por Sruthi Shankar e Shashwat Chauhan<\/p>\n<p>(Reuters) &#8211; As a\u00e7\u00f5es europeias encerraram a semana encurtada por feriado em baixa nesta sexta-feira, com empresas de luxo e fabricantes de bebidas alco\u00f3licas liderando perdas, embora o foco tenha permanecido nos dados econ\u00f4micos para obter pistas sobre a trajet\u00f3ria da taxa de juros e poss\u00edveis mudan\u00e7as nas pol\u00edticas dos Estados Unidos sob a Presid\u00eancia de Donald Trump.<\/p>\n<p>O \u00edndice pan-europeu STOXX 600 fechou em queda de 0,49%, a 508,19 pontos, nas negocia\u00e7\u00f5es de baixa liquidez ap\u00f3s o feriado de Ano Novo.<\/p>\n<p>Setores expostos \u00e0 China, como mineradoras, artigos de luxo e montadoras ficaram sob press\u00e3o, mesmo depois que uma autoridade de Pequim disse que o pa\u00eds aumentar\u00e1 drasticamente o financiamento de t\u00edtulos\u00a0ultralongos em 2025 para estimular o investimento empresarial e iniciativas de est\u00edmulo ao consumidor.<\/p>\n<p>Investidores t\u00eam se preocupado com a economia da China e com a imin\u00eancia de uma guerra comercial com os EUA antes da posse presidencial de Trump em 20 de janeiro.<\/p>\n<p>A bolsa francesa, que abriga a maioria dos principais nomes de luxo da Europa, registrou sua maior queda em um \u00fanico dia em mais de sete semanas.<\/p>\n<p>Os mercados acion\u00e1rios dos EUA tiveram um bom desempenho em 2024, ajudados pelo otimismo em rela\u00e7\u00e3o \u00e0 intelig\u00eancia artificial e aos cortes na taxa de juros do Federal Reserve, enquanto a Europa, em contrapartida, registrou apenas ganhos marginais.<\/p>\n<p>O STOXX 600 tamb\u00e9m atingiu recordes no ano passado, embora as preocupa\u00e7\u00f5es com a desacelera\u00e7\u00e3o da economia europeia, a turbul\u00eancia pol\u00edtica na Alemanha e na Fran\u00e7a e a amea\u00e7a de tarifas do governo Trump tenham limitados os ganhos.<\/p>\n<p>&#8220;A incerteza na Europa piorou a situa\u00e7\u00e3o e pode ajudar a explicar a diferen\u00e7a de avalia\u00e7\u00e3o em rela\u00e7\u00e3o aos EUA&#8221;, escreveram economistas do Goldman Sachs em nota.<\/p>\n<p>Eles recomendaram cautela em rela\u00e7\u00e3o \u00e0s empresas expostas a tarifas e disseram esperar que o mercado precifique uma medida de al\u00edvio fiscal alem\u00e3o no futuro.<\/p>\n<p>Em LONDRES, o \u00edndice Financial Times recuou 0,44%, a 8.223,98 pontos.<\/p>\n<p>Em FRANKFURT, o \u00edndice DAX caiu 0,59%, a 19.906,08 pontos.<\/p>\n<p>Em PARIS, o \u00edndice CAC-40 perdeu 1,51%, a 7.282,22 pontos.<\/p>\n<p>Em MIL\u00c3O, o \u00edndice Ftse\/Mib teve desvaloriza\u00e7\u00e3o de 0,72%, a 34.127,62 pontos.<\/p>\n<p>Em MADRI, o \u00edndice Ibex-35 registrou baixa de 0,22%, a 11.651,60 pontos.<\/p>\n<p>Em LISBOA, o \u00edndice PSI20 valorizou-se 0,51%, a 6.444,69 pontos.<\/p>\n<\/p><\/div>\n<p><script async defer src=\"https:\/\/connect.facebook.net\/en_US\/sdk.js\" type=\"45b90eb6da9b64bd92c2720e-text\/javascript\"><\/script><script type=\"45b90eb6da9b64bd92c2720e-text\/javascript\">\n  !function(f,b,e,v,n,t,s)\n  {if(f.fbq)return;n=f.fbq=function(){n.callMethod?\n    n.callMethod.apply(n,arguments):n.queue.push(arguments)};\n    if(!f._fbq)f._fbq=n;n.push=n;n.loaded=!0;n.version='2.0';\n    n.queue=[];t=b.createElement(e);t.async=!0;\n    t.src=v;s=b.getElementsByTagName(e)[0];\n    s.parentNode.insertBefore(t,s)}(window, document,'script',\n    'https:\/\/connect.facebook.net\/en_US\/fbevents.js');\n  fbq('init', '153495679422335');\n  fbq('track', 'PageView');\n<\/script><br \/>\n<br \/><br \/>\n<br \/><a href=\"https:\/\/www.noticiasagricolas.com.br\/noticias\/politica-economia\/391610-acoes-europeias-encerram-semana-reduzida-por-feriado-em-baixa.html\">Source link <\/a><\/p>\n","protected":false},"excerpt":{"rendered":"<p>Por Sruthi Shankar e Shashwat Chauhan (Reuters) &#8211; As a\u00e7\u00f5es europeias encerraram a semana encurtada por feriado em baixa nesta<\/p>\n","protected":false},"author":1,"featured_media":8516,"comment_status":"open","ping_status":"open","sticky":false,"template":"","format":"standard","meta":{"_monsterinsights_skip_tracking":false,"_monsterinsights_sitenote_active":false,"_monsterinsights_sitenote_note":"","_monsterinsights_sitenote_category":0,"_uf_show_specific_survey":0,"_uf_disable_surveys":false,"footnotes":""},"categories":[8,1,14,16],"tags":[],"class_list":["post-8515","post","type-post","status-publish","format-standard","has-post-thumbnail","hentry","category-agro","category-news","category-politica-agro","category-safra"],"_links":{"self":[{"href":"https:\/\/agromt.news\/index.php?rest_route=\/wp\/v2\/posts\/8515"}],"collection":[{"href":"https:\/\/agromt.news\/index.php?rest_route=\/wp\/v2\/posts"}],"about":[{"href":"https:\/\/agromt.news\/index.php?rest_route=\/wp\/v2\/types\/post"}],"author":[{"embeddable":true,"href":"https:\/\/agromt.news\/index.php?rest_route=\/wp\/v2\/users\/1"}],"replies":[{"embeddable":true,"href":"https:\/\/agromt.news\/index.php?rest_route=%2Fwp%2Fv2%2Fcomments&post=8515"}],"version-history":[{"count":0,"href":"https:\/\/agromt.news\/index.php?rest_route=\/wp\/v2\/posts\/8515\/revisions"}],"wp:featuredmedia":[{"embeddable":true,"href":"https:\/\/agromt.news\/index.php?rest_route=\/wp\/v2\/media\/8516"}],"wp:attachment":[{"href":"https:\/\/agromt.news\/index.php?rest_route=%2Fwp%2Fv2%2Fmedia&parent=8515"}],"wp:term":[{"taxonomy":"category","embeddable":true,"href":"https:\/\/agromt.news\/index.php?rest_route=%2Fwp%2Fv2%2Fcategories&post=8515"},{"taxonomy":"post_tag","embeddable":true,"href":"https:\/\/agromt.news\/index.php?rest_route=%2Fwp%2Fv2%2Ftags&post=8515"}],"curies":[{"name":"wp","href":"https:\/\/api.w.org\/{rel}","templated":true}]}}