{"id":8511,"date":"2025-01-25T00:44:09","date_gmt":"2025-01-25T04:44:09","guid":{"rendered":"https:\/\/agromt.news\/?p=8511"},"modified":"2025-01-25T00:44:09","modified_gmt":"2025-01-25T04:44:09","slug":"periodo-do-ano-e-de-atencao-a-incidencia-do-acaro-da-falsa-ferrugem","status":"publish","type":"post","link":"https:\/\/agromt.news\/?p=8511","title":{"rendered":"Per\u00edodo do ano \u00e9 de aten\u00e7\u00e3o \u00e0 incid\u00eancia do \u00e1caro-da-falsa-ferrugem"},"content":{"rendered":"<p> <br \/>\n<\/p>\n<div>\n<div class=\"row\">\n<div class=\"col-lg col-infos mt-3 mt-lg-0\">\n<div class=\"section-sub-title\">\n<p itemprop=\"description\">&#13;<br \/>\n                                Per\u00edodos de alta temperatura associados \u00e0 umidade&#13;\n                            <\/p>\n<\/p><\/div>\n<div class=\"container\">\n<div class=\"row\">\n<div class=\"col-lg p-0 text-lg-end\">\n<div>\n<div id=\"mdEnviarPagina\" class=\"modal fade\" role=\"dialog\">\n<div class=\"modal-dialog\">\n<div class=\"modal-content\">\n<div class=\"modal-body\">\n<p><strong>Estimado usu\u00e1rio.<\/strong><br \/>Preencha o formul\u00e1rio abaixo para remeter a p\u00e1gina.<\/p>\n<\/p><\/div>\n<\/p><\/div>\n<\/p><\/div>\n<\/div><\/div>\n<\/p><\/div>\n<\/p><\/div>\n<\/p><\/div>\n<\/p><\/div>\n<\/p><\/div>\n<div class=\"row justify-content-md-center mt-3\">\n<div class=\"col-lg-auto col-image  block-news-main-image d-none d-md-block\">\n<p>                                <img decoding=\"async\" src=\"https:\/\/www.agrolink.com.br\/upload\/imagens-resizes\/3e8b05b7c0db4020a3091b32484e32da_858x483.jpg\" class=\"lazyload \"\/><br \/>\n                                                <span class=\"publicity-photo d-block mt-1\">Foto: Fundecitrus <\/span><\/p><\/div>\n<\/p><\/div>\n<div class=\"section-description section-description-noticias mt-3\">\n<p style=\"text-align:justify\">Per\u00edodos de alta temperatura associados \u00e0 umidade, comuns nessa \u00e9poca do ano, favorecem \u00e0 ocorr\u00eancia do \u00e1caro-da-falsa-ferrugem em pomares de todas as variedades de citros. A doen\u00e7a \u00e9 uma das principais da citricultura e deve estar no radar do manejo. A infesta\u00e7\u00e3o nos pomares ocorre durante o ano todo, por\u00e9m atinge as maiores popula\u00e7\u00f5es entre os meses de dezembro a junho.&#13;\n<\/p>\n<p style=\"text-align:justify\">Nessas condi\u00e7\u00f5es clim\u00e1ticas, o \u00e1caro completa o ciclo biol\u00f3gico (ovo a adulto) em apenas sete dias, enquanto que, nos per\u00edodos de seca e baixas temperaturas, pode levar mais de 14 dias para completar o ciclo. O monitoramento das plantas \u00e9 indispens\u00e1vel para o controle da praga para evitar os grandes preju\u00edzos, pois o n\u00edvel de dano econ\u00f4mico estimado em frutos de laranja \u00e9 de 70 a 80 \u00e1caros por cm2.\u00a0 \u00c9 recomendado uma frequ\u00eancia de inspe\u00e7\u00f5es entre 7 e 15 dias com lupa de bolso. O controle deve ser feito com acaricidas \u2013 e, al\u00e9m dos produtos qu\u00edmicos, o mercado tamb\u00e9m disp\u00f5e de produtos biol\u00f3gicos com boa performance no controle do \u00e1caro-da-falsa-ferrugem. Existem alguns ingredientes ativos indicados para combater a praga, entretanto, os mais utilizados s\u00e3o os produtos \u00e0 base de enxofre e abamectina.&#13;\n<\/p>\n<p style=\"text-align:justify\">Sintomas<\/p>\n<p style=\"text-align:justify\">A incid\u00eancia desse \u00e1caro ocorre principalmente em folhas, ramos e em frutos jovens, e sua dissemina\u00e7\u00e3o \u00e9 feita pelo vento. Nos frutos afetados, a praga provoca o aparecimento de manchas escuras de aspecto ferrug\u00edneo na casca, que variam de intensidade de acordo com o n\u00edvel de infesta\u00e7\u00e3o. Nas folhas, o \u00e1caro causa o aparecimento de manchas escuras de formato irregular principalmente nas bordas foliares, conhecidas como \u201cmancha-graxa\u201d. As infesta\u00e7\u00f5es do \u00e1caro reduzem a capacidade fotossint\u00e9tica da planta, que impacta diretamente na qualidade e na produtividade do pomar. Em laranjas, as cascas ficam mais espessas, fazendo com que eles percam o valor comercial tanto para consumo in natura como para ind\u00fastria, pois causa danos \u00e0s m\u00e1quinas de extra\u00e7\u00e3o.&#13;\n<\/p>\n<\/p><\/div>\n<\/p><\/div>\n<p><script data-cfasync=\"false\">\n    !function (f, b, e, v, n, t, s) {\n        if (f.fbq) return; n = f.fbq = function () {\n            n.callMethod ?\n                n.callMethod.apply(n, arguments) : n.queue.push(arguments)\n        };\n        if (!f._fbq) f._fbq = n; n.push = n; n.loaded = !0; n.version = '2.0';\n        n.queue = []; t = b.createElement(e); t.async = !0;\n        t.src = v; s = b.getElementsByTagName(e)[0];\n        s.parentNode.insertBefore(t, s)\n    }(window, document, 'script',\n        'https:\/\/connect.facebook.net\/en_US\/fbevents.js');\n    fbq('init', '522546078623747');\n    fbq('track', 'PageView');\n<\/script><br \/>\n<br \/><br \/>\n<br \/><a href=\"https:\/\/www.agrolink.com.br\/noticias\/periodo-do-ano-e-de-atencao-a-incidencia-do-acaro-da-falsa-ferrugem_498739.html\">Source link <\/a><\/p>\n","protected":false},"excerpt":{"rendered":"<p>&#13; Per\u00edodos de alta temperatura associados \u00e0 umidade&#13; Estimado usu\u00e1rio.Preencha o formul\u00e1rio abaixo para remeter a p\u00e1gina. Foto: Fundecitrus Per\u00edodos<\/p>\n","protected":false},"author":1,"featured_media":8512,"comment_status":"open","ping_status":"open","sticky":false,"template":"","format":"standard","meta":{"_monsterinsights_skip_tracking":false,"_monsterinsights_sitenote_active":false,"_monsterinsights_sitenote_note":"","_monsterinsights_sitenote_category":0,"_uf_show_specific_survey":0,"_uf_disable_surveys":false,"footnotes":""},"categories":[8,1,14],"tags":[],"class_list":["post-8511","post","type-post","status-publish","format-standard","has-post-thumbnail","hentry","category-agro","category-news","category-politica-agro"],"_links":{"self":[{"href":"https:\/\/agromt.news\/index.php?rest_route=\/wp\/v2\/posts\/8511"}],"collection":[{"href":"https:\/\/agromt.news\/index.php?rest_route=\/wp\/v2\/posts"}],"about":[{"href":"https:\/\/agromt.news\/index.php?rest_route=\/wp\/v2\/types\/post"}],"author":[{"embeddable":true,"href":"https:\/\/agromt.news\/index.php?rest_route=\/wp\/v2\/users\/1"}],"replies":[{"embeddable":true,"href":"https:\/\/agromt.news\/index.php?rest_route=%2Fwp%2Fv2%2Fcomments&post=8511"}],"version-history":[{"count":0,"href":"https:\/\/agromt.news\/index.php?rest_route=\/wp\/v2\/posts\/8511\/revisions"}],"wp:featuredmedia":[{"embeddable":true,"href":"https:\/\/agromt.news\/index.php?rest_route=\/wp\/v2\/media\/8512"}],"wp:attachment":[{"href":"https:\/\/agromt.news\/index.php?rest_route=%2Fwp%2Fv2%2Fmedia&parent=8511"}],"wp:term":[{"taxonomy":"category","embeddable":true,"href":"https:\/\/agromt.news\/index.php?rest_route=%2Fwp%2Fv2%2Fcategories&post=8511"},{"taxonomy":"post_tag","embeddable":true,"href":"https:\/\/agromt.news\/index.php?rest_route=%2Fwp%2Fv2%2Ftags&post=8511"}],"curies":[{"name":"wp","href":"https:\/\/api.w.org\/{rel}","templated":true}]}}