{"id":851,"date":"2024-08-27T16:38:29","date_gmt":"2024-08-27T20:38:29","guid":{"rendered":"https:\/\/agromt.news\/?p=851"},"modified":"2024-08-27T16:38:29","modified_gmt":"2024-08-27T20:38:29","slug":"fumaca-pode-voltar-a-sao-paulo-apos-alivio-temporario-com-frente-fria","status":"publish","type":"post","link":"https:\/\/agromt.news\/?p=851","title":{"rendered":"Fuma\u00e7a pode voltar a S\u00e3o Paulo ap\u00f3s al\u00edvio tempor\u00e1rio com frente fria"},"content":{"rendered":"<p> <br \/>\n<br \/><img decoding=\"async\" src=\"https:\/\/agromt.news\/wp-content\/uploads\/2024\/08\/Fumaca-pode-voltar-a-Sao-Paulo-apos-alivio-temporario-com.webp.webp\" \/><\/p>\n<div>\n<p>Ap\u00f3s a passagem de uma frente fria que trouxe chuvas e ventos fortes, a cidade de S\u00e3o Paulo amanheceu nesta ter\u00e7a-feira (27) com uma atmosfera mais limpa e ar de qualidade melhor, de acordo com a Companhia Ambiental do Estado de S\u00e3o Paulo (<a href=\"https:\/\/www.canalrural.com.br\/tag\/cetesb\/\">Cetesb<\/a>). <\/p>\n<p>No entanto, a possibilidade de a fuma\u00e7a voltar a cobrir a cidade nas pr\u00f3ximas semanas permanece alta.<\/p>\n<p><em>Confira na palma da m\u00e3o informa\u00e7\u00f5es quentes sobre agricultura, pecu\u00e1ria, economia e previs\u00e3o do tempo:<\/em><a href=\"https:\/\/www.whatsapp.com\/channel\/0029Va9VnZxGk1FplZjiW43k\"><em> <\/em><strong>siga o Canal Rural no WhatsApp<\/strong><\/a>!<\/p>\n<\/div>\n<div>\n<h3 class=\"wp-block-heading\" id=\"h-impacto-da-frente-fria\">Impacto da frente fria<\/h3>\n<p>As imagens capturadas pela <strong>Nasa<\/strong> mostram a diferen\u00e7a no horizonte paulistano antes e depois da frente fria: o c\u00e9u, anteriormente encoberto por fuma\u00e7a, agora apresenta maior clareza. O ar polar ainda predomina no estado, mantendo as temperaturas baixas nesta ter\u00e7a-feira. S\u00e3o Paulo pode registrar um recorde de frio, mas as condi\u00e7\u00f5es devem mudar rapidamente. O calor de at\u00e9 30 \u00b0C est\u00e1 previsto para retornar no fim de semana, o que pode trazer de volta a secura no ar.<\/p>\n<h3 class=\"wp-block-heading\" id=\"h-risco-de-retorno-da-fumaca\">Risco de retorno da fuma\u00e7a<\/h3>\n<p>A chuva recente n\u00e3o \u00e9 suficiente para eliminar completamente o risco de novos focos de inc\u00eandio. Segundo especialistas, a fuma\u00e7a pode voltar a cobrir S\u00e3o Paulo se os ventos a direcionarem para a regi\u00e3o. Com a continuidade da temporada de queimadas e a previs\u00e3o de pouca chuva nas pr\u00f3ximas semanas, novos epis\u00f3dios de polui\u00e7\u00e3o atmosf\u00e9rica causada por fuma\u00e7a podem ocorrer.<\/p>\n<h3 class=\"wp-block-heading\" id=\"h-alerta-para-os-proximos-dias\">Alerta para os pr\u00f3ximos dias<\/h3>\n<p>Os paulistanos devem se preparar para a possibilidade de novos per\u00edodos de m\u00e1 qualidade do ar devido \u00e0 fuma\u00e7a das queimadas. A Cetesb e outras autoridades ambientais recomendam que a popula\u00e7\u00e3o esteja atenta \u00e0s condi\u00e7\u00f5es clim\u00e1ticas e \u00e0s atualiza\u00e7\u00f5es sobre a qualidade do ar. Manter janelas fechadas e evitar atividades ao ar livre em dias de muita fuma\u00e7a s\u00e3o precau\u00e7\u00f5es recomendadas para minimizar os riscos \u00e0 sa\u00fade.<\/p>\n<\/div>\n<p><br \/>\n<br \/><a href=\"https:\/\/www.canalrural.com.br\/tempo\/fumaca-pode-voltar-a-sao-paulo-apos-alivio-temporario-com-frente-fria\/\">Source link <\/a><\/p>\n","protected":false},"excerpt":{"rendered":"<p>Ap\u00f3s a passagem de uma frente fria que trouxe chuvas e ventos fortes, a cidade de S\u00e3o Paulo amanheceu nesta<\/p>\n","protected":false},"author":1,"featured_media":852,"comment_status":"open","ping_status":"open","sticky":false,"template":"","format":"standard","meta":{"_monsterinsights_skip_tracking":false,"_monsterinsights_sitenote_active":false,"_monsterinsights_sitenote_note":"","_monsterinsights_sitenote_category":0,"_uf_show_specific_survey":0,"_uf_disable_surveys":false,"footnotes":""},"categories":[1],"tags":[],"class_list":["post-851","post","type-post","status-publish","format-standard","has-post-thumbnail","hentry","category-news"],"_links":{"self":[{"href":"https:\/\/agromt.news\/index.php?rest_route=\/wp\/v2\/posts\/851"}],"collection":[{"href":"https:\/\/agromt.news\/index.php?rest_route=\/wp\/v2\/posts"}],"about":[{"href":"https:\/\/agromt.news\/index.php?rest_route=\/wp\/v2\/types\/post"}],"author":[{"embeddable":true,"href":"https:\/\/agromt.news\/index.php?rest_route=\/wp\/v2\/users\/1"}],"replies":[{"embeddable":true,"href":"https:\/\/agromt.news\/index.php?rest_route=%2Fwp%2Fv2%2Fcomments&post=851"}],"version-history":[{"count":0,"href":"https:\/\/agromt.news\/index.php?rest_route=\/wp\/v2\/posts\/851\/revisions"}],"wp:featuredmedia":[{"embeddable":true,"href":"https:\/\/agromt.news\/index.php?rest_route=\/wp\/v2\/media\/852"}],"wp:attachment":[{"href":"https:\/\/agromt.news\/index.php?rest_route=%2Fwp%2Fv2%2Fmedia&parent=851"}],"wp:term":[{"taxonomy":"category","embeddable":true,"href":"https:\/\/agromt.news\/index.php?rest_route=%2Fwp%2Fv2%2Fcategories&post=851"},{"taxonomy":"post_tag","embeddable":true,"href":"https:\/\/agromt.news\/index.php?rest_route=%2Fwp%2Fv2%2Ftags&post=851"}],"curies":[{"name":"wp","href":"https:\/\/api.w.org\/{rel}","templated":true}]}}