{"id":8508,"date":"2025-01-24T21:20:39","date_gmt":"2025-01-25T01:20:39","guid":{"rendered":"https:\/\/agromt.news\/?p=8508"},"modified":"2025-01-24T21:20:39","modified_gmt":"2025-01-25T01:20:39","slug":"suinocultura-de-ms-mira-em-tecnologia-e-sustentabilidade-e-ja-cresce-acima-da-catarinense","status":"publish","type":"post","link":"https:\/\/agromt.news\/?p=8508","title":{"rendered":"Suinocultura de MS mira em tecnologia e sustentabilidade e j\u00e1 cresce acima da catarinense"},"content":{"rendered":"<p> <br \/>\n<br \/><img decoding=\"async\" src=\"https:\/\/agromt.news\/wp-content\/uploads\/2025\/01\/Suinocultura-de-MS-mira-em-tecnologia-e-sustentabilidade-e-ja.jpg\" \/><\/p>\n<div>\n<p>A suinocultura de Mato Grosso do Sul tem tido um crescimento expressivo nos \u00faltimos anos. Em 2023, por exemplo, foram 2,9 milh\u00f5es de cabe\u00e7as abatidas, 6,7% a mais do que em 2022, de acordo com o Sistema Famasul. <\/p>\n<p>No mesmo per\u00edodo, Santa Catarina, estado l\u00edder no setor, cresceu 2,1%, chegando a 17,8 milh\u00f5es de su\u00ednos destinados a corte, conforme a Epagri.<\/p>\n<p>Os dados de 2024 ainda n\u00e3o foram divulgados pelo Instituto Brasileiro de Geografia e Estat\u00edstica (IBGE), mas a Associa\u00e7\u00e3o Sul-Mato-Grossense de Suinocultores (Asumas) j\u00e1 prev\u00ea que devem ultrapassar, com folga, os 3 milh\u00f5es de su\u00ednos industrializados. Para 2025, as metas s\u00e3o ainda mais ambiciosas. <\/p>\n<p>Isso porque o plantel deve chegar a 152 mil matrizes e os investimentos no estado, como a amplia\u00e7\u00e3o da capacidade de abate da <strong><a href=\"https:\/\/www.canalrural.com.br\/agricultura\/al-gore-e-ceo-global-da-jbs-defendem-agricultura-regenerativa-no-combate-as-mudancas-climaticas\/\">JBS<\/a><\/strong> para 10 mil cabe\u00e7as por dia e a instala\u00e7\u00e3o de uma central de gen\u00e9tica l\u00edquida pela Agroceres PIC, t\u00eam refletido a for\u00e7a e moderniza\u00e7\u00e3o do setor em solo sul-matogrossense.<\/p>\n<p>Por conta dessa pujan\u00e7a, a Asumas tem buscado promover a\u00e7\u00f5es que gerem mais competitividade e sustentabilidade na produ\u00e7\u00e3o.<\/p>\n<p>O Programa Asumas de Sustentabilidade (PAS), por exemplo, foi desenvolvido em parceria com a Embrapa Agropecu\u00e1ria Oeste e busca transformar a suinocultura do estado em um modelo de refer\u00eancia nacional.<\/p>\n<p>O programa promove a\u00e7\u00f5es em eixos estrat\u00e9gicos como a gest\u00e3o de res\u00edduos, o bem-estar animal, uso eficiente de recursos h\u00eddricos e a gera\u00e7\u00e3o de energia renov\u00e1vel a partir de biodigestores. <\/p>\n<p>Al\u00e9m disso, o PAS apoia a implementa\u00e7\u00e3o de tecnologias para a produ\u00e7\u00e3o de biometano, reduzindo as emiss\u00f5es de gases de efeito estufa e gerando energia limpa para as propriedades.<\/p>\n<h2 class=\"wp-block-heading\" id=\"h-producao-de-biogas-e-fertilizantes\">Produ\u00e7\u00e3o de biog\u00e1s e fertilizantes<\/h2>\n<p>Entre os principais resultados do PAS est\u00e1 o incentivo \u00e0 ado\u00e7\u00e3o de biodigestores, que transformam res\u00edduos em biog\u00e1s e fertilizantes. <\/p>\n<\/div>\n<div>\n<p>Essa tecnologia n\u00e3o apenas reduz a emiss\u00e3o de gases de efeito estufa, mas tamb\u00e9m cria oportunidades para a gera\u00e7\u00e3o de energia e a comercializa\u00e7\u00e3o de cr\u00e9ditos de carbono. Neste \u00faltimo, ali\u00e1s, a Asumas tem buscado capacitar produtores para que possam acessar o mercado futuramente.<\/p>\n<p>Outro pilar do programa \u00e9 a transfer\u00eancia de tecnologia e o apoio ao desenvolvimento de pol\u00edticas p\u00fablicas que beneficiem o setor. A elabora\u00e7\u00e3o de manuais t\u00e9cnicos e a realiza\u00e7\u00e3o de eventos s\u00e3o exemplos disso.<\/p>\n<h2 class=\"wp-block-heading\" id=\"h-bem-estar-na-suinocultura\">Bem-estar na suinocultura<\/h2>\n<p>Questionado pela reportagem, o presidente da Asumas, Renato Spera, detalhou as a\u00e7\u00f5es de <strong><a href=\"https:\/\/www.canalrural.com.br\/aves-e-suinos\/suinos-relatorio-avalia-empresas-com-as-melhores-praticas-de-bem-estar-animal\/\">bem-estar animal<\/a><\/strong> organizadas pela entidade. <\/p>\n<p>\u201cAtuamos na orienta\u00e7\u00e3o e no suporte aos produtores, incentivando a ado\u00e7\u00e3o de pr\u00e1ticas que promovam conforto, sa\u00fade e manejo adequado dos su\u00ednos\u201d, afirma. <\/p>\n<p>De acordo com ele, tais compromissos incentivam a\u00e7\u00f5es de:<\/p>\n<ul class=\"wp-block-list\">\n<li><strong>Manejo adequado:<\/strong> capacita\u00e7\u00e3o dos produtores para adotar pr\u00e1ticas que reduzam o estresse dos animais;<\/li>\n<li><strong>Ambientes confort\u00e1veis:<\/strong> promo\u00e7\u00e3o de instala\u00e7\u00f5es que garantam ventila\u00e7\u00e3o, temperatura e espa\u00e7o suficientes;<\/li>\n<li><strong>Alimenta\u00e7\u00e3o e nutri\u00e7\u00e3o balanceadas:<\/strong> fomento ao uso de dietas equilibradas, respeitando as necessidades nutricionais dos su\u00ednos;<\/li>\n<li><strong>Monitoramento da sa\u00fade:<\/strong> incentivo \u00e0 ado\u00e7\u00e3o de programas sanit\u00e1rios preventivos para reduzir o uso excessivo de antibi\u00f3ticos;<\/li>\n<\/ul>\n<p>Segundo ele, a Asumas tamb\u00e9m foca em comunica\u00e7\u00e3o e desmistifica\u00e7\u00e3o. \u201cAl\u00e9m das a\u00e7\u00f5es pr\u00e1ticas dentro das granjas, investimos na comunica\u00e7\u00e3o transparente para combater desinforma\u00e7\u00f5es sobre o bem-estar animal na suinocultura\u201d, diz.<\/p>\n<p>De acordo com Spera, o programa tamb\u00e9m busca incentivar a ado\u00e7\u00e3o de tecnologias e inova\u00e7\u00f5es que contribuam para o bem-estar dos su\u00ednos, alinhando a produ\u00e7\u00e3o \u00e0s exig\u00eancias do mercado e \u00e0s normativas nacionais e internacionais.<\/p>\n<p>Contudo, a entidade n\u00e3o detalhou se trabalha para banir pr\u00e1ticas apontadas como crueis por <strong><a href=\"https:\/\/www.sinergiaanimalbrasil.org\/porcos-em-foco\">entidades defensoras do bem-estar dos animais de produ\u00e7\u00e3o<\/a><\/strong>, tais como o banimento do uso cont\u00ednuo de gaiolas de gesta\u00e7\u00e3o e o corte de caudas.<\/p>\n<\/p><\/div>\n<p><br \/>\n<br \/><a href=\"https:\/\/www.canalrural.com.br\/aves-e-suinos\/suinocultura-de-ms-mira-em-tecnologia-e-sustentabilidade-e-ja-cresce-acima-da-catarinense\/\">Source link <\/a><\/p>\n","protected":false},"excerpt":{"rendered":"<p>A suinocultura de Mato Grosso do Sul tem tido um crescimento expressivo nos \u00faltimos anos. Em 2023, por exemplo, foram<\/p>\n","protected":false},"author":1,"featured_media":8509,"comment_status":"open","ping_status":"open","sticky":false,"template":"","format":"standard","meta":{"_monsterinsights_skip_tracking":false,"_monsterinsights_sitenote_active":false,"_monsterinsights_sitenote_note":"","_monsterinsights_sitenote_category":0,"_uf_show_specific_survey":0,"_uf_disable_surveys":false,"footnotes":""},"categories":[1],"tags":[],"class_list":["post-8508","post","type-post","status-publish","format-standard","has-post-thumbnail","hentry","category-news"],"_links":{"self":[{"href":"https:\/\/agromt.news\/index.php?rest_route=\/wp\/v2\/posts\/8508"}],"collection":[{"href":"https:\/\/agromt.news\/index.php?rest_route=\/wp\/v2\/posts"}],"about":[{"href":"https:\/\/agromt.news\/index.php?rest_route=\/wp\/v2\/types\/post"}],"author":[{"embeddable":true,"href":"https:\/\/agromt.news\/index.php?rest_route=\/wp\/v2\/users\/1"}],"replies":[{"embeddable":true,"href":"https:\/\/agromt.news\/index.php?rest_route=%2Fwp%2Fv2%2Fcomments&post=8508"}],"version-history":[{"count":0,"href":"https:\/\/agromt.news\/index.php?rest_route=\/wp\/v2\/posts\/8508\/revisions"}],"wp:featuredmedia":[{"embeddable":true,"href":"https:\/\/agromt.news\/index.php?rest_route=\/wp\/v2\/media\/8509"}],"wp:attachment":[{"href":"https:\/\/agromt.news\/index.php?rest_route=%2Fwp%2Fv2%2Fmedia&parent=8508"}],"wp:term":[{"taxonomy":"category","embeddable":true,"href":"https:\/\/agromt.news\/index.php?rest_route=%2Fwp%2Fv2%2Fcategories&post=8508"},{"taxonomy":"post_tag","embeddable":true,"href":"https:\/\/agromt.news\/index.php?rest_route=%2Fwp%2Fv2%2Ftags&post=8508"}],"curies":[{"name":"wp","href":"https:\/\/api.w.org\/{rel}","templated":true}]}}