{"id":8507,"date":"2025-01-24T20:54:20","date_gmt":"2025-01-25T00:54:20","guid":{"rendered":"https:\/\/agromt.news\/?p=8507"},"modified":"2025-01-24T20:54:20","modified_gmt":"2025-01-25T00:54:20","slug":"veja-como-os-precos-da-arroba-terminaram-a-semana","status":"publish","type":"post","link":"https:\/\/agromt.news\/?p=8507","title":{"rendered":"veja como os pre\u00e7os da arroba terminaram a semana"},"content":{"rendered":"<p> <br \/>\n<\/p>\n<div>\n<p>O mercado f\u00edsico do boi gordo voltou a registrar pre\u00e7os fracos, de est\u00e1veis a mais baixos, nesta sexta-feira (24). <\/p>\n<p>Segundo o consultor de Safras &amp; Mercado Fernando Henrique Iglesias, os sinais de esfriamento persistem, com nova queda dos pre\u00e7os da carne no atacado, o que deve fazer com que as ind\u00fastrias frigor\u00edficas, principalmente aquelas focadas no mercado dom\u00e9stico, passem a pressionar os pre\u00e7os na compra de gado. <\/p>\n<p>\u201cComo pontos de sustenta\u00e7\u00e3o, precisam ser mencionados a atual posi\u00e7\u00e3o das escalas de abate, que seguem encurtadas, e o forte ritmo de <strong><a href=\"https:\/\/www.canalrural.com.br\/tag\/exportacoes\/\">embarques<\/a><\/strong>\u201c, conclui.<\/p>\n<\/div>\n<div>\n<h2 class=\"wp-block-heading\" id=\"h-precos-medios-da-arroba-do-boi-a-prazo\">Pre\u00e7os m\u00e9dios da arroba do boi (a prazo)<\/h2>\n<ul class=\"wp-block-list\">\n<li><strong>S\u00e3o Paulo:<\/strong> R$ 332,75 (R$ 333,58 ontem)<\/li>\n<li><strong>Minas Gerais:<\/strong> R$ 323,53, est\u00e1vel<\/li>\n<li><strong>Goi\u00e1s:<\/strong> R$ 322,14, no comparativo com R$ 323,21 anteriormente<\/li>\n<li><strong>Mato Grosso Sul:<\/strong> R$ 326,36 (R$ R$ 326,59 ontem)<\/li>\n<li><strong>Mato Grosso:<\/strong> R$ 318,91, inalterado<\/li>\n<\/ul>\n<h2 class=\"wp-block-heading\" id=\"h-mercado-atacadista\">Mercado atacadista<\/h2>\n<figure class=\"wp-block-image size-large\"><img fetchpriority=\"high\" decoding=\"async\" width=\"640\" height=\"400\" alt=\"carne bovina, carnes, abate\" class=\"wp-image-2933224\"  data-lazy- src=\"https:\/\/agromt.news\/wp-content\/uploads\/2025\/01\/veja-como-os-precos-da-arroba-terminaram-a-semana.jpg\"\/><img decoding=\"async\" width=\"640\" height=\"400\" src=\"https:\/\/agromt.news\/wp-content\/uploads\/2025\/01\/veja-como-os-precos-da-arroba-terminaram-a-semana.jpg\" alt=\"carne bovina, carnes, abate\" class=\"wp-image-2933224\"  \/><figcaption class=\"wp-element-caption\">Foto: Ag\u00eancia Brasil\/arquivo<\/figcaption><\/figure>\n<p>O mercado atacadista voltou a apresentar queda de suas cota\u00e7\u00f5es no decorrer desta sexta-feira. Iglesias indica que o ambiente de neg\u00f3cios ainda sugere pela continuidade do movimento no curto prazo. <\/p>\n<p>\u201cRessaltando que a segunda quinzena do m\u00eas \u00e9 um per\u00edodo de menor apelo ao consumo, soma-se a isso o perfil de consumo delimitado para o primeiro bimestre, com a popula\u00e7\u00e3o priorizando o consumo de prote\u00ednas mais acess\u00edveis, a exemplo da carne de frango, do ovo e de embutidos em geral\u201d, avalia.<\/p>\n<pre class=\"wp-block-code\"><code>O quarto traseiro foi precificado a R$ 25,50, por quilo, queda de R$ 0,50. Ponta de agulha apresenta queda de R$ 0,70 e foi precificada a R$ 18,00. Quarto dianteiro recuou R$ 0,50 e foi cotado a R$ 18,00, por quilo.<\/code><\/pre>\n<h2 class=\"wp-block-heading\" id=\"h-cambio\">C\u00e2mbio<\/h2>\n<pre class=\"wp-block-code\"><code>O d\u00f3lar comercial encerrou em queda de 0,12%, sendo negociado a R$ 5,9175 para venda e a R$ 5,9155 para compra. Durante o dia, a moeda norte-americana oscilou entre a m\u00ednima de R$ 5,8674 e a m\u00e1xima de R$ 5,9245. Na semana, a moeda estrangeira desvalorizou 2,42%.<\/code><\/pre>\n<\/p><\/div>\n<p><br \/>\n<br \/><a href=\"https:\/\/www.canalrural.com.br\/pecuaria\/boi-gordo-veja-como-os-precos-da-arroba-terminaram-a-semana\/\">Source link <\/a><\/p>\n","protected":false},"excerpt":{"rendered":"<p>O mercado f\u00edsico do boi gordo voltou a registrar pre\u00e7os fracos, de est\u00e1veis a mais baixos, nesta sexta-feira (24). Segundo<\/p>\n","protected":false},"author":1,"featured_media":5703,"comment_status":"open","ping_status":"open","sticky":false,"template":"","format":"standard","meta":{"_monsterinsights_skip_tracking":false,"_monsterinsights_sitenote_active":false,"_monsterinsights_sitenote_note":"","_monsterinsights_sitenote_category":0,"_uf_show_specific_survey":0,"_uf_disable_surveys":false,"footnotes":""},"categories":[1],"tags":[],"class_list":["post-8507","post","type-post","status-publish","format-standard","has-post-thumbnail","hentry","category-news"],"_links":{"self":[{"href":"https:\/\/agromt.news\/index.php?rest_route=\/wp\/v2\/posts\/8507"}],"collection":[{"href":"https:\/\/agromt.news\/index.php?rest_route=\/wp\/v2\/posts"}],"about":[{"href":"https:\/\/agromt.news\/index.php?rest_route=\/wp\/v2\/types\/post"}],"author":[{"embeddable":true,"href":"https:\/\/agromt.news\/index.php?rest_route=\/wp\/v2\/users\/1"}],"replies":[{"embeddable":true,"href":"https:\/\/agromt.news\/index.php?rest_route=%2Fwp%2Fv2%2Fcomments&post=8507"}],"version-history":[{"count":0,"href":"https:\/\/agromt.news\/index.php?rest_route=\/wp\/v2\/posts\/8507\/revisions"}],"wp:featuredmedia":[{"embeddable":true,"href":"https:\/\/agromt.news\/index.php?rest_route=\/wp\/v2\/media\/5703"}],"wp:attachment":[{"href":"https:\/\/agromt.news\/index.php?rest_route=%2Fwp%2Fv2%2Fmedia&parent=8507"}],"wp:term":[{"taxonomy":"category","embeddable":true,"href":"https:\/\/agromt.news\/index.php?rest_route=%2Fwp%2Fv2%2Fcategories&post=8507"},{"taxonomy":"post_tag","embeddable":true,"href":"https:\/\/agromt.news\/index.php?rest_route=%2Fwp%2Fv2%2Ftags&post=8507"}],"curies":[{"name":"wp","href":"https:\/\/api.w.org\/{rel}","templated":true}]}}