{"id":846,"date":"2024-08-27T15:05:29","date_gmt":"2024-08-27T19:05:29","guid":{"rendered":"https:\/\/agromt.news\/?p=846"},"modified":"2024-08-27T15:05:29","modified_gmt":"2024-08-27T19:05:29","slug":"fraca-demanda-mantem-pressao-sobre-cotacoes","status":"publish","type":"post","link":"https:\/\/agromt.news\/?p=846","title":{"rendered":"fraca demanda mant\u00e9m press\u00e3o sobre cota\u00e7\u00f5es"},"content":{"rendered":"<p> <br \/>\n<br \/><img decoding=\"async\" src=\"https:\/\/agromt.news\/wp-content\/uploads\/2024\/08\/fraca-demanda-mantem-pressao-sobre-cotacoes.jpg\" \/><\/p>\n<div>\n<p>Os pre\u00e7os dos etan\u00f3is anidro e hidratado tiveram novas quedas no mercado paulista na \u00faltima semana. <\/p>\n<p>Segundo pesquisadores do Cepea, a press\u00e3o continua vindo da demanda enfraquecida num cen\u00e1rio de expectativa de baixa nas cota\u00e7\u00f5es do <strong><a href=\"https:\/\/www.canalrural.com.br\/tag\/etanol\/\">biocombust\u00edvel<\/a><\/strong>, tendo em vista o bom desempenho da produ\u00e7\u00e3o de etanol na regi\u00e3o centro-sul no acumulado da safra 2024\/25. <\/p>\n<p><em>Confira na palma da m\u00e3o informa\u00e7\u00f5es quentes sobre agricultura, pecu\u00e1ria, economia e previs\u00e3o do tempo:<\/em><a href=\"https:\/\/www.whatsapp.com\/channel\/0029Va9VnZxGk1FplZjiW43k\"><em> <\/em><strong>siga o Canal Rural no WhatsApp<\/strong><\/a>!<\/p>\n<\/div>\n<div>\n<p>Entre 19 e 23 de agosto, o Indicador Cepea\/Esalq do etanol hidratado foi de R$ 2,5438\/litro (l\u00edquido de ICMS e PIS\/Cofins), recuo de 2,07% frente ao intervalo anterior. Para o anidro, a desvaloriza\u00e7\u00e3o foi de 0,44% em igual comparativo, com o Indicador Cepea\/Esalq a R$ 2,9342\/litro (l\u00edquido de PIS\/Cofins). <\/p>\n<p>Pesquisadores explicam ainda que, tradicionalmente, o m\u00eas de agosto costuma ser de pre\u00e7os mais baixos por ser considerado per\u00edodo de pico de colheita da <strong><a href=\"https:\/\/www.canalrural.com.br\/cana\/\">cana-de-a\u00e7\u00facar<\/a><\/strong> no centro-sul.<\/p>\n<\/div>\n<p><br \/>\n<br \/><a href=\"https:\/\/www.canalrural.com.br\/agricultura\/etanol-fraca-demanda-mantem-pressao-sobre-cotacoes\/\">Source link <\/a><\/p>\n","protected":false},"excerpt":{"rendered":"<p>Os pre\u00e7os dos etan\u00f3is anidro e hidratado tiveram novas quedas no mercado paulista na \u00faltima semana. Segundo pesquisadores do Cepea,<\/p>\n","protected":false},"author":1,"featured_media":847,"comment_status":"open","ping_status":"open","sticky":false,"template":"","format":"standard","meta":{"_monsterinsights_skip_tracking":false,"_monsterinsights_sitenote_active":false,"_monsterinsights_sitenote_note":"","_monsterinsights_sitenote_category":0,"_uf_show_specific_survey":0,"_uf_disable_surveys":false,"footnotes":""},"categories":[1],"tags":[],"class_list":["post-846","post","type-post","status-publish","format-standard","has-post-thumbnail","hentry","category-news"],"_links":{"self":[{"href":"https:\/\/agromt.news\/index.php?rest_route=\/wp\/v2\/posts\/846"}],"collection":[{"href":"https:\/\/agromt.news\/index.php?rest_route=\/wp\/v2\/posts"}],"about":[{"href":"https:\/\/agromt.news\/index.php?rest_route=\/wp\/v2\/types\/post"}],"author":[{"embeddable":true,"href":"https:\/\/agromt.news\/index.php?rest_route=\/wp\/v2\/users\/1"}],"replies":[{"embeddable":true,"href":"https:\/\/agromt.news\/index.php?rest_route=%2Fwp%2Fv2%2Fcomments&post=846"}],"version-history":[{"count":0,"href":"https:\/\/agromt.news\/index.php?rest_route=\/wp\/v2\/posts\/846\/revisions"}],"wp:featuredmedia":[{"embeddable":true,"href":"https:\/\/agromt.news\/index.php?rest_route=\/wp\/v2\/media\/847"}],"wp:attachment":[{"href":"https:\/\/agromt.news\/index.php?rest_route=%2Fwp%2Fv2%2Fmedia&parent=846"}],"wp:term":[{"taxonomy":"category","embeddable":true,"href":"https:\/\/agromt.news\/index.php?rest_route=%2Fwp%2Fv2%2Fcategories&post=846"},{"taxonomy":"post_tag","embeddable":true,"href":"https:\/\/agromt.news\/index.php?rest_route=%2Fwp%2Fv2%2Ftags&post=846"}],"curies":[{"name":"wp","href":"https:\/\/api.w.org\/{rel}","templated":true}]}}