{"id":8424,"date":"2025-01-23T14:38:32","date_gmt":"2025-01-23T18:38:32","guid":{"rendered":"https:\/\/agromt.news\/?p=8424"},"modified":"2025-01-23T14:38:32","modified_gmt":"2025-01-23T18:38:32","slug":"ministro-descarta-alterar-data-de-validade-de-alimentos-para-reduzir-precos","status":"publish","type":"post","link":"https:\/\/agromt.news\/?p=8424","title":{"rendered":"Ministro descarta alterar data de validade de alimentos para reduzir pre\u00e7os"},"content":{"rendered":"<p> <br \/>\n<br \/><img decoding=\"async\" src=\"https:\/\/agromt.news\/wp-content\/uploads\/2025\/01\/Ministro-descarta-alterar-data-de-validade-de-alimentos-para-reduzir.jpg\" \/><\/p>\n<div>\n<p>O ministro do <strong><a href=\"https:\/\/www.canalrural.com.br\/tag\/desenvolvimentoagr%C3%A1rio\/\">Desenvolvimento Agr\u00e1rio<\/a><\/strong>, Paulo Teixeira, disse nesta quinta-feira, 23, que o governo n\u00e3o cogita alterar o sistema de datas de validade dos alimentos para reduzir os pre\u00e7os desses produtos, uma demanda do setor de supermercados. Ele falou a jornalistas depois de uma reuni\u00e3o no Pal\u00e1cio do Planalto sobre o aumento dos pre\u00e7os dos alimentos.<\/p>\n<p>A discuss\u00e3o desta quinta-feira envolveu, al\u00e9m de Paulo Teixeira, os <strong><a href=\"https:\/\/www.canalrural.com.br\/tag\/mapa\/\">ministros da Agricultura<\/a><\/strong>, Carlos F\u00e1varo, da Casa Civil, Rui Costa, e o secret\u00e1rio de Pol\u00edtica Econ\u00f4mica do Minist\u00e9rio da Fazenda, Guilherme Mello.<\/p>\n<p>O ministro do Desenvolvimento Agr\u00e1rio disse que na sexta-feira (24), as propostas levantadas na reuni\u00e3o de hoje ser\u00e3o apresentadas ao presidente Luiz In\u00e1cio Lula da Silva (PT). E que an\u00fancios dependem do que o chefe do governo decidir.<\/p>\n<p>Segundo Paulo Teixeira, o ministro da Fazenda, Fernando Haddad, deve participar do encontro da sexta-feira.<\/p>\n<\/div>\n<div>\n<p>O aumento dos pre\u00e7os dos alimentos ganhou mais aten\u00e7\u00e3o da c\u00fapula do governo nos \u00faltimos dias. Ontem (22), Rui Costa disse que o governo discutiria \u201cinterven\u00e7\u00f5es\u201d para reduzir os pre\u00e7os. A declara\u00e7\u00e3o pegou mal junto ao mercado e ao empresariado, e o ministro passou a falar em \u201ca\u00e7\u00f5es\u201d e \u201cmedidas\u201d.<\/p>\n<p>Rui Costa j\u00e1 havia descartado altera\u00e7\u00f5es no sistema de validade de alimentos em entrevista \u00e0 CNN na noite da quarta-feira.<\/p>\n<p>Caso fosse adotada, a medida provavelmente daria muni\u00e7\u00e3o para opositores criticarem o governo.<\/p>\n<p>Nos primeiros dias de 2025, o Planalto passou por grande desgaste causado por botados espalhados por opositores de que as transa\u00e7\u00f5es por Pix seriam taxadas.<\/p>\n<\/p><\/div>\n<p><br \/>\n<br \/><a href=\"https:\/\/www.canalrural.com.br\/economia\/ministro-descarta-alterar-data-de-validade-de-alimentos-para-reduzir-precos\/\">Source link <\/a><\/p>\n","protected":false},"excerpt":{"rendered":"<p>O ministro do Desenvolvimento Agr\u00e1rio, Paulo Teixeira, disse nesta quinta-feira, 23, que o governo n\u00e3o cogita alterar o sistema de<\/p>\n","protected":false},"author":1,"featured_media":8425,"comment_status":"open","ping_status":"open","sticky":false,"template":"","format":"standard","meta":{"_monsterinsights_skip_tracking":false,"_monsterinsights_sitenote_active":false,"_monsterinsights_sitenote_note":"","_monsterinsights_sitenote_category":0,"_uf_show_specific_survey":0,"_uf_disable_surveys":false,"footnotes":""},"categories":[1],"tags":[],"class_list":["post-8424","post","type-post","status-publish","format-standard","has-post-thumbnail","hentry","category-news"],"_links":{"self":[{"href":"https:\/\/agromt.news\/index.php?rest_route=\/wp\/v2\/posts\/8424"}],"collection":[{"href":"https:\/\/agromt.news\/index.php?rest_route=\/wp\/v2\/posts"}],"about":[{"href":"https:\/\/agromt.news\/index.php?rest_route=\/wp\/v2\/types\/post"}],"author":[{"embeddable":true,"href":"https:\/\/agromt.news\/index.php?rest_route=\/wp\/v2\/users\/1"}],"replies":[{"embeddable":true,"href":"https:\/\/agromt.news\/index.php?rest_route=%2Fwp%2Fv2%2Fcomments&post=8424"}],"version-history":[{"count":0,"href":"https:\/\/agromt.news\/index.php?rest_route=\/wp\/v2\/posts\/8424\/revisions"}],"wp:featuredmedia":[{"embeddable":true,"href":"https:\/\/agromt.news\/index.php?rest_route=\/wp\/v2\/media\/8425"}],"wp:attachment":[{"href":"https:\/\/agromt.news\/index.php?rest_route=%2Fwp%2Fv2%2Fmedia&parent=8424"}],"wp:term":[{"taxonomy":"category","embeddable":true,"href":"https:\/\/agromt.news\/index.php?rest_route=%2Fwp%2Fv2%2Fcategories&post=8424"},{"taxonomy":"post_tag","embeddable":true,"href":"https:\/\/agromt.news\/index.php?rest_route=%2Fwp%2Fv2%2Ftags&post=8424"}],"curies":[{"name":"wp","href":"https:\/\/api.w.org\/{rel}","templated":true}]}}