{"id":842,"date":"2024-08-27T09:15:57","date_gmt":"2024-08-27T13:15:57","guid":{"rendered":"https:\/\/agromt.news\/?p=842"},"modified":"2024-08-27T09:15:57","modified_gmt":"2024-08-27T13:15:57","slug":"5-cuidados-para-proteger-a-saude-em-meio-ao-clima-seco-e-a-fumaca","status":"publish","type":"post","link":"https:\/\/agromt.news\/?p=842","title":{"rendered":"5 cuidados para proteger a sa\u00fade em meio ao clima seco e \u00e0 fuma\u00e7a"},"content":{"rendered":"<p> <br \/>\n<br \/><img decoding=\"async\" src=\"https:\/\/agromt.news\/wp-content\/uploads\/2024\/08\/5-cuidados-para-proteger-a-saude-em-meio-ao-clima.jpg\" \/><\/p>\n<div>\n<p>Com os recentes inc\u00eandios florestais no interior do <a href=\"https:\/\/www.canalrural.com.br\/tag\/estado-de-sao-paulo\/\">estado de S\u00e3o Paulo<\/a>, especialmente na regi\u00e3o de Ribeir\u00e3o Preto, a qualidade do ar tem piorado devido \u00e0 fuligem e \u00e0 fuma\u00e7a. Essas condi\u00e7\u00f5es, combinadas com o clima seco, representam um s\u00e9rio risco para a sa\u00fade respirat\u00f3ria da popula\u00e7\u00e3o. Para enfrentar esses desafios, o governo de S\u00e3o Paulo anunciou um plano emergencial de sa\u00fade, com foco na preven\u00e7\u00e3o e no tratamento de problemas respirat\u00f3rios decorrentes da inala\u00e7\u00e3o de fuma\u00e7a.<\/p>\n<p><em>Confira na palma da m\u00e3o informa\u00e7\u00f5es quentes sobre agricultura, pecu\u00e1ria, economia e previs\u00e3o do tempo:<\/em><a href=\"https:\/\/www.whatsapp.com\/channel\/0029Va9VnZxGk1FplZjiW43k\"><em> <\/em><strong>siga o Canal Rural no WhatsApp<\/strong><\/a>!<\/p>\n<p>Coordenado pela Secretaria de Estado da Sa\u00fade e o Hospital das Cl\u00ednicas da Faculdade de Medicina de Ribeir\u00e3o Preto (HC-FMRP-USP), o plano visa aumentar a capacidade de atendimento em 26 munic\u00edpios da regi\u00e3o. Entre as a\u00e7\u00f5es implementadas, destaca-se a amplia\u00e7\u00e3o dos servi\u00e7os de telemedicina, garantindo a disponibilidade de m\u00e9dicos 24 horas por dia para apoiar as equipes de sa\u00fade e encaminhar os casos mais graves a hospitais de refer\u00eancia.<\/p>\n<\/div>\n<div>\n<h3 class=\"wp-block-heading\" id=\"h-recomendacoes-de-saude-para-enfrentar-o-clima-seco-e-a-exposicao-a-fumaca\">Recomenda\u00e7\u00f5es de sa\u00fade para enfrentar o clima seco e a exposi\u00e7\u00e3o \u00e0 fuma\u00e7a:<\/h3>\n<ol class=\"wp-block-list\">\n<li><strong>Prote\u00e7\u00e3o respirat\u00f3ria cont\u00ednua<\/strong>: quem sofre de asma, Doen\u00e7a Pulmonar Obstrutiva Cr\u00f4nica (DPOC) ou rinite al\u00e9rgica deve manter o uso regular de sua medica\u00e7\u00e3o inalat\u00f3ria, como bombinhas. Este cuidado \u00e9 crucial para evitar crises respirat\u00f3rias em um ambiente contaminado pela fuma\u00e7a.<\/li>\n<li><strong>Medidas preventivas imediatas<\/strong>: para aqueles que n\u00e3o fazem uso constante de inaladores, \u00e9 recomend\u00e1vel come\u00e7ar a utiliz\u00e1-los agora como medida preventiva, antes que os sintomas se agravem. Tamb\u00e9m \u00e9 importante ter medicamentos usados em situa\u00e7\u00f5es cr\u00edticas \u00e0 disposi\u00e7\u00e3o para uso imediato ao menor sinal de desconforto respirat\u00f3rio.<\/li>\n<li><strong>Minimizar a exposi\u00e7\u00e3o ao ar polu\u00eddo<\/strong>: Permanecer dentro de casa o m\u00e1ximo poss\u00edvel \u00e9 uma das principais recomenda\u00e7\u00f5es. Veda\u00e7\u00e3o adequada de portas e janelas pode ajudar a reduzir a entrada de fuma\u00e7a. Se a sa\u00edda for inevit\u00e1vel, use m\u00e1scaras PFF2\/N95 para prote\u00e7\u00e3o adicional contra part\u00edculas nocivas no ar.<\/li>\n<li><strong>Hidrata\u00e7\u00e3o e cuidados com as mucosas<\/strong>: manter-se hidratado \u00e9 fundamental, pois o ar seco e a fuma\u00e7a podem causar desidrata\u00e7\u00e3o e irrita\u00e7\u00e3o das vias a\u00e9reas. Crian\u00e7as e idosos, sendo mais vulner\u00e1veis, devem receber aten\u00e7\u00e3o especial para garantir uma boa ingest\u00e3o de l\u00edquidos. Lavar o nariz e os olhos com soro fisiol\u00f3gico tamb\u00e9m pode ajudar a remover part\u00edculas de fuligem e aliviar a irrita\u00e7\u00e3o.<\/li>\n<li><strong>Ambiente interno adequado<\/strong>: Em casa, utilize umidificadores para manter a umidade do ar, o que pode ajudar a proteger as vias respirat\u00f3rias da secura. Caso n\u00e3o tenha umidificadores, improvise com toalhas molhadas ou bacias com \u00e1gua espalhadas pelos ambientes. A pr\u00e1tica de atividades f\u00edsicas ao ar livre deve ser suspensa enquanto a qualidade do ar estiver comprometida.<\/li>\n<\/ol>\n<h3 class=\"wp-block-heading\" id=\"h-atencao-redobrada-para-sintomas-respiratorios\">Aten\u00e7\u00e3o redobrada para sintomas respirat\u00f3rios<\/h3>\n<p>\u00c9 importante que qualquer pessoa com sintomas como falta de ar, chiado no peito, tontura ou dor de cabe\u00e7a procure atendimento m\u00e9dico imediatamente. Evitar locais com grande concentra\u00e7\u00e3o de fuma\u00e7a \u00e9 essencial, pois a exposi\u00e7\u00e3o prolongada pode agravar problemas respirat\u00f3rios e outros quadros de sa\u00fade.<\/p>\n<p>Com essas medidas, o governo de S\u00e3o Paulo e as autoridades de sa\u00fade esperam mitigar os impactos dos inc\u00eandios e proteger a popula\u00e7\u00e3o das graves consequ\u00eancias do clima seco e da dispers\u00e3o de fuma\u00e7a. A aten\u00e7\u00e3o e os cuidados adequados s\u00e3o fundamentais para manter a sa\u00fade em tempos de adversidade.<\/p>\n<\/div>\n<p><br \/>\n<br \/><a href=\"https:\/\/www.canalrural.com.br\/nacional\/incendios-em-sp-5-cuidados-para-proteger-a-saude-em-meio-ao-clima-seco-e-a-fumaca\/\">Source link <\/a><\/p>\n","protected":false},"excerpt":{"rendered":"<p>Com os recentes inc\u00eandios florestais no interior do estado de S\u00e3o Paulo, especialmente na regi\u00e3o de Ribeir\u00e3o Preto, a qualidade<\/p>\n","protected":false},"author":1,"featured_media":843,"comment_status":"open","ping_status":"open","sticky":false,"template":"","format":"standard","meta":{"_monsterinsights_skip_tracking":false,"_monsterinsights_sitenote_active":false,"_monsterinsights_sitenote_note":"","_monsterinsights_sitenote_category":0,"_uf_show_specific_survey":0,"_uf_disable_surveys":false,"footnotes":""},"categories":[1],"tags":[],"class_list":["post-842","post","type-post","status-publish","format-standard","has-post-thumbnail","hentry","category-news"],"_links":{"self":[{"href":"https:\/\/agromt.news\/index.php?rest_route=\/wp\/v2\/posts\/842"}],"collection":[{"href":"https:\/\/agromt.news\/index.php?rest_route=\/wp\/v2\/posts"}],"about":[{"href":"https:\/\/agromt.news\/index.php?rest_route=\/wp\/v2\/types\/post"}],"author":[{"embeddable":true,"href":"https:\/\/agromt.news\/index.php?rest_route=\/wp\/v2\/users\/1"}],"replies":[{"embeddable":true,"href":"https:\/\/agromt.news\/index.php?rest_route=%2Fwp%2Fv2%2Fcomments&post=842"}],"version-history":[{"count":0,"href":"https:\/\/agromt.news\/index.php?rest_route=\/wp\/v2\/posts\/842\/revisions"}],"wp:featuredmedia":[{"embeddable":true,"href":"https:\/\/agromt.news\/index.php?rest_route=\/wp\/v2\/media\/843"}],"wp:attachment":[{"href":"https:\/\/agromt.news\/index.php?rest_route=%2Fwp%2Fv2%2Fmedia&parent=842"}],"wp:term":[{"taxonomy":"category","embeddable":true,"href":"https:\/\/agromt.news\/index.php?rest_route=%2Fwp%2Fv2%2Fcategories&post=842"},{"taxonomy":"post_tag","embeddable":true,"href":"https:\/\/agromt.news\/index.php?rest_route=%2Fwp%2Fv2%2Ftags&post=842"}],"curies":[{"name":"wp","href":"https:\/\/api.w.org\/{rel}","templated":true}]}}