{"id":8419,"date":"2025-01-23T11:49:04","date_gmt":"2025-01-23T15:49:04","guid":{"rendered":"https:\/\/agromt.news\/?p=8419"},"modified":"2025-01-23T11:49:04","modified_gmt":"2025-01-23T15:49:04","slug":"conab-aponta-alta-nos-precos-da-cebola-cenoura-e-tomate","status":"publish","type":"post","link":"https:\/\/agromt.news\/?p=8419","title":{"rendered":"Conab aponta alta nos pre\u00e7os da cebola, cenoura e tomate"},"content":{"rendered":"<p> <br \/>\n<br \/><img decoding=\"async\" src=\"https:\/\/agromt.news\/wp-content\/uploads\/2025\/01\/Conab-aponta-alta-nos-precos-da-cebola-cenoura-e-tomate.jpg\" \/><\/p>\n<div>\n<p>A <strong><a href=\"https:\/\/www.canalrural.com.br\/tag\/conab\/\">Companhia Nacional de Abastecimento (Conab)<\/a><\/strong> divulgou nesta quinta-feira (23) que, em dezembro, houve alta de pre\u00e7os da cebola, cenoura e tomate e baixa da batata. Os dados s\u00e3o do Boletim do Programa Brasileiro de Moderniza\u00e7\u00e3o do Mercado Hortigranjeiro (Prohort).<\/p>\n<p>Ao monitorar os itens de consumo das fam\u00edlias, a exemplo do que faz quando forma estoques de gr\u00e3os, a Conab cumpre uma de suas fun\u00e7\u00f5es b\u00e1sicas, que \u00e9 a de garantir pre\u00e7os que, ao mesmo tempo, garantam a lucratividade dos produtores e sejam acess\u00edveis aos consumidores.<\/p>\n<p>De acordo com o boletim, a batata vinha apresentando redu\u00e7\u00f5es constantes de pre\u00e7o desde julho de 2024. Em novembro, chegou a reagir, apresentando aumento devido \u00e0 menor oferta, mas em dezembro os pre\u00e7os praticados voltaram a cair \u201cde maneira significativa\u201d.<\/p>\n<blockquote class=\"wp-block-quote is-layout-flow wp-block-quote-is-layout-flow\">\n<p>\u201cA m\u00e9dia ponderada de pre\u00e7o dentre as Ceasas caiu 27,33% em rela\u00e7\u00e3o \u00e0 m\u00e9dia de novembro. A maior oferta paranaense em dezembro foi a raz\u00e3o da baixa nos pre\u00e7os\u201d, justificou a companhia.<\/p>\n<\/blockquote>\n<p>No caso da cebola, a transi\u00e7\u00e3o da safra no mercado fez com que o produto voltasse a subir ap\u00f3s longo per\u00edodo de queda. \u201cEm dezembro, configurou-se a nova distribui\u00e7\u00e3o da produ\u00e7\u00e3o de cebola no pa\u00eds. A partir de ent\u00e3o, a Regi\u00e3o Sul passou a ser o principal ofertante dos mercados\u201d, explica a Conab.<\/p>\n<\/div>\n<div>\n<p>Pelo segundo m\u00eas consecutivo, a cenoura apresentou alta de pre\u00e7os na maioria das Ceasas. Essa alta se deve, segundo a Conab, a \u201ccerta concentra\u00e7\u00e3o de oferta em Minas Gerais, pois Bahia e Goi\u00e1s enviaram menores quantidades ao mercado\u201d.<\/p>\n<p>J\u00e1 o tomate registrou aumento ligeiramente acima de 18% em dezembro, na compara\u00e7\u00e3o com novembro, na m\u00e9dia ponderada. Segundo a Conab, isso se deve \u00e0 \u201coferta abundante\u201d registrada no segundo semestre do ano passado, o que provocou redu\u00e7\u00e3o de pre\u00e7os, o que, mais recentemente, acabou sendo revertido.<\/p>\n<h2 class=\"wp-block-heading\" id=\"h-frutas\">Frutas<\/h2>\n<p>Entre as frutas, a Conab observou alta nos pre\u00e7os da banana, da ma\u00e7\u00e3 e da melancia e queda na laranja e mam\u00e3o.<\/p>\n<p>A banana apresentou cota\u00e7\u00f5es elevadas pela queda da oferta, enquanto a ma\u00e7\u00e3 apresentou alta de pre\u00e7os e queda de comercializa\u00e7\u00e3o. Os estoques est\u00e3o praticamente finalizados, e as cota\u00e7\u00f5es acabaram por pressionar alta, apesar da demanda est\u00e1vel e da concorr\u00eancia com as frutas de fim de ano.<\/p>\n<p>No caso da melancia, foram observadas oscila\u00e7\u00f5es das cota\u00e7\u00f5es e queda da comercializa\u00e7\u00e3o, \u201cem parte por causa da demanda estagnada em alguns centros consumidores devido \u00e0 presen\u00e7a de chuvas e queda das temperaturas\u201d.<\/p>\n<p>O pre\u00e7o cobrado pela laranja apresentou queda, mas ainda encontra-se elevado. No caso do mam\u00e3o, foi verificada queda da comercializa\u00e7\u00e3o nas Ceasas e eleva\u00e7\u00e3o das cota\u00e7\u00f5es. O resultado decorre, segundo a Conab, de uma queda na colheita das variedades papaia e formosa.<\/p>\n<\/p><\/div>\n<p><br \/>\n<br \/><a href=\"https:\/\/www.canalrural.com.br\/agricultura\/conab-aponta-alta-nos-precos-da-cebola-cenoura-e-tomate\/\">Source link <\/a><\/p>\n","protected":false},"excerpt":{"rendered":"<p>A Companhia Nacional de Abastecimento (Conab) divulgou nesta quinta-feira (23) que, em dezembro, houve alta de pre\u00e7os da cebola, cenoura<\/p>\n","protected":false},"author":1,"featured_media":8420,"comment_status":"open","ping_status":"open","sticky":false,"template":"","format":"standard","meta":{"_monsterinsights_skip_tracking":false,"_monsterinsights_sitenote_active":false,"_monsterinsights_sitenote_note":"","_monsterinsights_sitenote_category":0,"_uf_show_specific_survey":0,"_uf_disable_surveys":false,"footnotes":""},"categories":[1],"tags":[],"class_list":["post-8419","post","type-post","status-publish","format-standard","has-post-thumbnail","hentry","category-news"],"_links":{"self":[{"href":"https:\/\/agromt.news\/index.php?rest_route=\/wp\/v2\/posts\/8419"}],"collection":[{"href":"https:\/\/agromt.news\/index.php?rest_route=\/wp\/v2\/posts"}],"about":[{"href":"https:\/\/agromt.news\/index.php?rest_route=\/wp\/v2\/types\/post"}],"author":[{"embeddable":true,"href":"https:\/\/agromt.news\/index.php?rest_route=\/wp\/v2\/users\/1"}],"replies":[{"embeddable":true,"href":"https:\/\/agromt.news\/index.php?rest_route=%2Fwp%2Fv2%2Fcomments&post=8419"}],"version-history":[{"count":0,"href":"https:\/\/agromt.news\/index.php?rest_route=\/wp\/v2\/posts\/8419\/revisions"}],"wp:featuredmedia":[{"embeddable":true,"href":"https:\/\/agromt.news\/index.php?rest_route=\/wp\/v2\/media\/8420"}],"wp:attachment":[{"href":"https:\/\/agromt.news\/index.php?rest_route=%2Fwp%2Fv2%2Fmedia&parent=8419"}],"wp:term":[{"taxonomy":"category","embeddable":true,"href":"https:\/\/agromt.news\/index.php?rest_route=%2Fwp%2Fv2%2Fcategories&post=8419"},{"taxonomy":"post_tag","embeddable":true,"href":"https:\/\/agromt.news\/index.php?rest_route=%2Fwp%2Fv2%2Ftags&post=8419"}],"curies":[{"name":"wp","href":"https:\/\/api.w.org\/{rel}","templated":true}]}}