{"id":8411,"date":"2025-01-23T10:28:42","date_gmt":"2025-01-23T14:28:42","guid":{"rendered":"https:\/\/agromt.news\/?p=8411"},"modified":"2025-01-23T10:28:42","modified_gmt":"2025-01-23T14:28:42","slug":"plano-para-desenvolvimento-ferroviario-no-brasil-sera-lancado-em-fevereiro","status":"publish","type":"post","link":"https:\/\/agromt.news\/?p=8411","title":{"rendered":"Plano para desenvolvimento ferrovi\u00e1rio no Brasil ser\u00e1 lan\u00e7ado em fevereiro"},"content":{"rendered":"<p> <br \/>\n<br \/><img decoding=\"async\" src=\"https:\/\/agromt.news\/wp-content\/uploads\/2025\/01\/Plano-para-desenvolvimento-ferroviario-no-Brasil-sera-lancado-em-fevereiro.jpg\" \/><\/p>\n<div>\n<p>O governo federal vai lan\u00e7ar, na primeira quinzena de fevereiro, um plano nacional para o desenvolvimento ferrovi\u00e1rio. A informa\u00e7\u00e3o foi divulgada nesta quinta-feira (23) pelo ministro dos Transportes, Renan Filho.<\/p>\n<blockquote class=\"wp-block-quote is-layout-flow wp-block-quote-is-layout-flow\">\n<p>\u201cTive uma primeira conversa com o presidente Lula, apresentando a ele a carteira de projetos. O presidente aprovou e n\u00f3s estamos organizando para fazer o lan\u00e7amento nos primeiros dias de fevereiro. Na primeira quinzena do m\u00eas de fevereiro\u201d, disse.<\/p>\n<\/blockquote>\n<p>\u201cVamos divulgar os projetos, discutir com o mercado e com os investidores. Vai ser super relevante porque \u00e9 muito necess\u00e1rio que a gente retire carga e coloque nas ferrovias para evitar os conflitos rodovi\u00e1rios que o Brasil ainda vive\u201d, completou.<\/p>\n<p>Em entrevista a emissoras de r\u00e1dio, durante o programa Bom Dia, Ministro, produzido pela Empresa Brasil de Comunica\u00e7\u00e3o (EBC), Renan Filho avaliou que \u00e9 preciso retirar ferrovias de dentro das cidades brasileiras e de \u00e1reas centrais do pa\u00eds.<\/p>\n<\/div>\n<div>\n<blockquote class=\"wp-block-quote is-layout-flow wp-block-quote-is-layout-flow\">\n<p>\u201cVoc\u00ea chega em S\u00e3o Paulo, o trem da MRS, carregado de min\u00e9rio, passa pelo centro, do lado do mercado. Passa ali uma ferrovia. Aquilo \u00e9 incongruente com uma cidade da dimens\u00e3o de S\u00e3o Paulo. A gente precisa, cada vez mais, revisar isso.\u201d<\/p>\n<\/blockquote>\n<p>\u201cN\u00e3o d\u00e1 para mudar totalmente porque elas [as ferrovias] foram constru\u00eddas em outro momento, fazem muitas curvas e, com essas curvas, n\u00e3o d\u00e1 para aumentar a velocidade. Se n\u00e3o tem velocidade, n\u00e3o compete com \u00f4nibus, caminh\u00e3o e van. \u00c9 um trabalho complexo, precisa de investimento p\u00fablico pesado, de massa\u201d, concluiu.<\/p>\n<\/p><\/div>\n<p><br \/>\n<br \/><a href=\"https:\/\/www.canalrural.com.br\/economia\/logistica\/plano-para-desenvolvimento-ferroviario-no-brasil-sera-lancado-em-fevereiro\/\">Source link <\/a><\/p>\n","protected":false},"excerpt":{"rendered":"<p>O governo federal vai lan\u00e7ar, na primeira quinzena de fevereiro, um plano nacional para o desenvolvimento ferrovi\u00e1rio. A informa\u00e7\u00e3o foi<\/p>\n","protected":false},"author":1,"featured_media":8412,"comment_status":"open","ping_status":"open","sticky":false,"template":"","format":"standard","meta":{"_monsterinsights_skip_tracking":false,"_monsterinsights_sitenote_active":false,"_monsterinsights_sitenote_note":"","_monsterinsights_sitenote_category":0,"_uf_show_specific_survey":0,"_uf_disable_surveys":false,"footnotes":""},"categories":[1],"tags":[],"class_list":["post-8411","post","type-post","status-publish","format-standard","has-post-thumbnail","hentry","category-news"],"_links":{"self":[{"href":"https:\/\/agromt.news\/index.php?rest_route=\/wp\/v2\/posts\/8411"}],"collection":[{"href":"https:\/\/agromt.news\/index.php?rest_route=\/wp\/v2\/posts"}],"about":[{"href":"https:\/\/agromt.news\/index.php?rest_route=\/wp\/v2\/types\/post"}],"author":[{"embeddable":true,"href":"https:\/\/agromt.news\/index.php?rest_route=\/wp\/v2\/users\/1"}],"replies":[{"embeddable":true,"href":"https:\/\/agromt.news\/index.php?rest_route=%2Fwp%2Fv2%2Fcomments&post=8411"}],"version-history":[{"count":0,"href":"https:\/\/agromt.news\/index.php?rest_route=\/wp\/v2\/posts\/8411\/revisions"}],"wp:featuredmedia":[{"embeddable":true,"href":"https:\/\/agromt.news\/index.php?rest_route=\/wp\/v2\/media\/8412"}],"wp:attachment":[{"href":"https:\/\/agromt.news\/index.php?rest_route=%2Fwp%2Fv2%2Fmedia&parent=8411"}],"wp:term":[{"taxonomy":"category","embeddable":true,"href":"https:\/\/agromt.news\/index.php?rest_route=%2Fwp%2Fv2%2Fcategories&post=8411"},{"taxonomy":"post_tag","embeddable":true,"href":"https:\/\/agromt.news\/index.php?rest_route=%2Fwp%2Fv2%2Ftags&post=8411"}],"curies":[{"name":"wp","href":"https:\/\/api.w.org\/{rel}","templated":true}]}}