{"id":8409,"date":"2025-01-23T10:24:25","date_gmt":"2025-01-23T14:24:25","guid":{"rendered":"https:\/\/agromt.news\/?p=8409"},"modified":"2025-01-23T10:24:25","modified_gmt":"2025-01-23T14:24:25","slug":"fragmentacao-do-comercio-global-provoca-grandes-perdas-de-producao-alerta-bce","status":"publish","type":"post","link":"https:\/\/agromt.news\/?p=8409","title":{"rendered":"Fragmenta\u00e7\u00e3o do com\u00e9rcio global provoca grandes perdas de produ\u00e7\u00e3o, alerta BCE"},"content":{"rendered":"<p> <br \/>\n<\/p>\n<div>\n<div class=\"materia\">\n<p><img decoding=\"async\" alt=\"Logotipo Reuters\" height=\"22\" src=\"https:\/\/cdn.noticiasagricolas.com.br\/dbimagens\/0f687b0f35da9d220b6477534ce7c667.gif\" width=\"71\"\/><\/p>\n<p><img decoding=\"async\" alt=\"\" src=\"https:\/\/rmb.reuters.com\/rmd\/rss\/content\/tag:reuters.com,2025:newsml_LYNXMPEL020LR:1\/tag:reuters.com,2025:binary_LYNXMPEL020LR-VIEWIMAGE\"\/><\/p>\n<p>FRANKFURT (Reuters) &#8211; A fragmenta\u00e7\u00e3o do com\u00e9rcio global devido a medidas protecionistas acarreta perdas consider\u00e1veis de produ\u00e7\u00e3o para todos os pa\u00edses envolvidos, disse o economista-chefe do Banco Central Europeu (BCE), Philip Lane, nesta sexta-feira, no momento em que o novo governo dos Estados Unidos considera a imposi\u00e7\u00e3o de novas tarifas.<\/p>\n<p>&#8220;EviteM o protecionismo de base ampla porque, embora a resili\u00eancia seja uma preocupa\u00e7\u00e3o leg\u00edtima, uma guerra comercial &#8216;olho por olho&#8217; reduz o bem-estar e n\u00e3o elimina totalmente as interdepend\u00eancias&#8221;, disse Lane em um discurso.<\/p>\n<p>A fragmenta\u00e7\u00e3o do com\u00e9rcio ser\u00e1 importante para os bancos centrais e para a pol\u00edtica monet\u00e1ria porque causa choques de oferta maiores e mais frequentes durante o per\u00edodo de transi\u00e7\u00e3o e, no longo prazo, a redu\u00e7\u00e3o da diversifica\u00e7\u00e3o do com\u00e9rcio aumenta a volatilidade e a infla\u00e7\u00e3o, disse ele.<\/p>\n<p>(Por Balazs Koranyi)<\/p>\n<\/p><\/div>\n<div class=\"grupo-whatsapp\">\n      J\u00e1 segue nosso Canal oficial no WhatsApp? <a href=\"https:\/\/bit.ly\/Canal_NA\" target=\"_blank\" rel=\"noopener\"><strong>Clique Aqui<\/strong><\/a> para receber em primeira m\u00e3o as principais not\u00edcias do agroneg\u00f3cio\n    <\/div>\n<\/p><\/div>\n<p><script async defer src=\"https:\/\/connect.facebook.net\/en_US\/sdk.js\" type=\"7a3cc72fdd3a207e533099c9-text\/javascript\"><\/script><script type=\"7a3cc72fdd3a207e533099c9-text\/javascript\">\n  !function(f,b,e,v,n,t,s)\n  {if(f.fbq)return;n=f.fbq=function(){n.callMethod?\n    n.callMethod.apply(n,arguments):n.queue.push(arguments)};\n    if(!f._fbq)f._fbq=n;n.push=n;n.loaded=!0;n.version='2.0';\n    n.queue=[];t=b.createElement(e);t.async=!0;\n    t.src=v;s=b.getElementsByTagName(e)[0];\n    s.parentNode.insertBefore(t,s)}(window, document,'script',\n    'https:\/\/connect.facebook.net\/en_US\/fbevents.js');\n  fbq('init', '153495679422335');\n  fbq('track', 'PageView');\n<\/script><br \/>\n<br \/><br \/>\n<br \/><a href=\"https:\/\/www.noticiasagricolas.com.br\/noticias\/politica-economia\/391612-fragmentacao-do-comercio-global-provoca-grandes-perdas-de-producao-alerta-bce.html\">Source link <\/a><\/p>\n","protected":false},"excerpt":{"rendered":"<p>FRANKFURT (Reuters) &#8211; A fragmenta\u00e7\u00e3o do com\u00e9rcio global devido a medidas protecionistas acarreta perdas consider\u00e1veis de produ\u00e7\u00e3o para todos os<\/p>\n","protected":false},"author":1,"featured_media":8410,"comment_status":"open","ping_status":"open","sticky":false,"template":"","format":"standard","meta":{"_monsterinsights_skip_tracking":false,"_monsterinsights_sitenote_active":false,"_monsterinsights_sitenote_note":"","_monsterinsights_sitenote_category":0,"_uf_show_specific_survey":0,"_uf_disable_surveys":false,"footnotes":""},"categories":[8,1,14,16],"tags":[],"class_list":["post-8409","post","type-post","status-publish","format-standard","has-post-thumbnail","hentry","category-agro","category-news","category-politica-agro","category-safra"],"_links":{"self":[{"href":"https:\/\/agromt.news\/index.php?rest_route=\/wp\/v2\/posts\/8409"}],"collection":[{"href":"https:\/\/agromt.news\/index.php?rest_route=\/wp\/v2\/posts"}],"about":[{"href":"https:\/\/agromt.news\/index.php?rest_route=\/wp\/v2\/types\/post"}],"author":[{"embeddable":true,"href":"https:\/\/agromt.news\/index.php?rest_route=\/wp\/v2\/users\/1"}],"replies":[{"embeddable":true,"href":"https:\/\/agromt.news\/index.php?rest_route=%2Fwp%2Fv2%2Fcomments&post=8409"}],"version-history":[{"count":0,"href":"https:\/\/agromt.news\/index.php?rest_route=\/wp\/v2\/posts\/8409\/revisions"}],"wp:featuredmedia":[{"embeddable":true,"href":"https:\/\/agromt.news\/index.php?rest_route=\/wp\/v2\/media\/8410"}],"wp:attachment":[{"href":"https:\/\/agromt.news\/index.php?rest_route=%2Fwp%2Fv2%2Fmedia&parent=8409"}],"wp:term":[{"taxonomy":"category","embeddable":true,"href":"https:\/\/agromt.news\/index.php?rest_route=%2Fwp%2Fv2%2Fcategories&post=8409"},{"taxonomy":"post_tag","embeddable":true,"href":"https:\/\/agromt.news\/index.php?rest_route=%2Fwp%2Fv2%2Ftags&post=8409"}],"curies":[{"name":"wp","href":"https:\/\/api.w.org\/{rel}","templated":true}]}}