{"id":8407,"date":"2025-01-23T09:47:27","date_gmt":"2025-01-23T13:47:27","guid":{"rendered":"https:\/\/agromt.news\/?p=8407"},"modified":"2025-01-23T09:47:27","modified_gmt":"2025-01-23T13:47:27","slug":"como-deve-ser-o-dia-no-mercado-da-soja-veja-as-projecoes","status":"publish","type":"post","link":"https:\/\/agromt.news\/?p=8407","title":{"rendered":"Como deve ser o dia no mercado da soja? Veja as proje\u00e7\u00f5es"},"content":{"rendered":"<p> <br \/>\n<br \/><img decoding=\"async\" src=\"https:\/\/agromt.news\/wp-content\/uploads\/2025\/01\/Como-deve-ser-o-dia-no-mercado-da-soja-Veja.jpg\" \/><\/p>\n<div>\n<p>Conforme informa\u00e7\u00f5es fornecidas pela <a href=\"https:\/\/safras.com.br\/\">Safras &amp; e Mercado<\/a>, a comercializa\u00e7\u00e3o da soja no Brasil permanece restrita, com poucos movimentos no <a href=\"https:\/\/www.canalrural.com.br\/?s=mercado+da+soja\">mercado <\/a>e os pre\u00e7os ainda pouco alterados. Apesar da alta do d\u00f3lar, os contratos em Chicago apresentam uma leve queda, o que mant\u00e9m os produtores em posi\u00e7\u00e3o de espera, aguardando um novo pico de pre\u00e7os, similar ao ocorrido no in\u00edcio da semana. O foco dos agentes do mercado est\u00e1, neste momento, voltado para as condi\u00e7\u00f5es clim\u00e1ticas e para os trabalhos iniciais de colheita da safra.<\/p>\n<\/div>\n<div>\n<p>Na quarta-feira (22), o mercado de soja esteve travado, com uma forte queda do d\u00f3lar e uma retra\u00e7\u00e3o na Bolsa de Chicago, que pressionaram os pre\u00e7os internos para baixo e afastaram os agentes das negocia\u00e7\u00f5es. Em algumas pra\u00e7as, os pre\u00e7os da safra nova j\u00e1 come\u00e7aram a se ajustar.<\/p>\n<p>No mercado internacional, os contratos com entrega em mar\u00e7o apresentam uma desvaloriza\u00e7\u00e3o de 0,23%, cotados a US$ 10,53 1\/2 por bushel. O movimento de realiza\u00e7\u00e3o de lucros, iniciado no preg\u00e3o anterior, continua a influenciar as cota\u00e7\u00f5es, ap\u00f3s um avan\u00e7o de mais de 3% na ter\u00e7a-feira (21). Al\u00e9m disso, o mercado avalia as poss\u00edveis consequ\u00eancias da suspens\u00e3o dos embarques de cinco empresas brasileiras para a China, principal comprador da soja brasileira, e se preocupa com o impacto do clima adverso na produ\u00e7\u00e3o da Am\u00e9rica do Sul.<\/p>\n<\/p><\/div>\n<p><br \/>\n<br \/><a href=\"https:\/\/www.canalrural.com.br\/agricultura\/como-deve-ser-o-dia-no-mercado-da-soja-veja-as-projecoes\/\">Source link <\/a><\/p>\n","protected":false},"excerpt":{"rendered":"<p>Conforme informa\u00e7\u00f5es fornecidas pela Safras &amp; e Mercado, a comercializa\u00e7\u00e3o da soja no Brasil permanece restrita, com poucos movimentos no<\/p>\n","protected":false},"author":1,"featured_media":8408,"comment_status":"open","ping_status":"open","sticky":false,"template":"","format":"standard","meta":{"_monsterinsights_skip_tracking":false,"_monsterinsights_sitenote_active":false,"_monsterinsights_sitenote_note":"","_monsterinsights_sitenote_category":0,"_uf_show_specific_survey":0,"_uf_disable_surveys":false,"footnotes":""},"categories":[1],"tags":[],"class_list":["post-8407","post","type-post","status-publish","format-standard","has-post-thumbnail","hentry","category-news"],"_links":{"self":[{"href":"https:\/\/agromt.news\/index.php?rest_route=\/wp\/v2\/posts\/8407"}],"collection":[{"href":"https:\/\/agromt.news\/index.php?rest_route=\/wp\/v2\/posts"}],"about":[{"href":"https:\/\/agromt.news\/index.php?rest_route=\/wp\/v2\/types\/post"}],"author":[{"embeddable":true,"href":"https:\/\/agromt.news\/index.php?rest_route=\/wp\/v2\/users\/1"}],"replies":[{"embeddable":true,"href":"https:\/\/agromt.news\/index.php?rest_route=%2Fwp%2Fv2%2Fcomments&post=8407"}],"version-history":[{"count":0,"href":"https:\/\/agromt.news\/index.php?rest_route=\/wp\/v2\/posts\/8407\/revisions"}],"wp:featuredmedia":[{"embeddable":true,"href":"https:\/\/agromt.news\/index.php?rest_route=\/wp\/v2\/media\/8408"}],"wp:attachment":[{"href":"https:\/\/agromt.news\/index.php?rest_route=%2Fwp%2Fv2%2Fmedia&parent=8407"}],"wp:term":[{"taxonomy":"category","embeddable":true,"href":"https:\/\/agromt.news\/index.php?rest_route=%2Fwp%2Fv2%2Fcategories&post=8407"},{"taxonomy":"post_tag","embeddable":true,"href":"https:\/\/agromt.news\/index.php?rest_route=%2Fwp%2Fv2%2Ftags&post=8407"}],"curies":[{"name":"wp","href":"https:\/\/api.w.org\/{rel}","templated":true}]}}