{"id":8405,"date":"2025-01-23T09:28:15","date_gmt":"2025-01-23T13:28:15","guid":{"rendered":"https:\/\/agromt.news\/?p=8405"},"modified":"2025-01-23T09:28:15","modified_gmt":"2025-01-23T13:28:15","slug":"em-visita-a-bahia-e-piaui-ministro-favaro-destaca-investimentos-na-agricultura","status":"publish","type":"post","link":"https:\/\/agromt.news\/?p=8405","title":{"rendered":"Em visita \u00e0 Bahia e Piau\u00ed, ministro F\u00e1varo destaca investimentos na agricultura"},"content":{"rendered":"<p> <br \/>\n<\/p>\n<div>\n<p>Nesta quarta-feira (22), o ministro da Agricultura e Pecu\u00e1ria, <strong>Carlos F\u00e1varo<\/strong> visitou fazendas em Lu\u00eds Eduardo Magalh\u00e3es (LEM), no Oeste da Bahia e a na Baixada Grande do Ribeiro, no Piau\u00ed.<\/p>\n<p>Pela manh\u00e3, em LEM, F\u00e1varo realizou uma visita t\u00e9cnica e uma reuni\u00e3o de trabalho na Fazenda Santa Isabe, que conta com o maior piv\u00f4 do mundo, com 1.220 metros de raio, cobrindo 470 hectares. <\/p>\n<p>Numa publica\u00e7\u00e3o no Instagram, o ministro escreveu que \u201cO Matopiba tem se consolidado como uma das mais importantes regi\u00f5es da agropecu\u00e1ria brasileira, especialmente na produ\u00e7\u00e3o de gr\u00e3os e fibras.\u201d.<\/p>\n<p>Seguindo a agenda, no Piau\u00ed, na Baixada Grande do Ribeiro, tamb\u00e9m participou de uma visita t\u00e9cnica para conhecer um projeto de irriga\u00e7\u00e3o e planta\u00e7\u00f5es de soja e algod\u00e3o.<\/p>\n<p>A comitiva tamb\u00e9m contou com o governador piauiense, Rafael Fonteles, al\u00e9m do secret\u00e1rio de Pol\u00edtica Agr\u00edcola do Mapa, Guilherme Campos, e dirigentes de bancos p\u00fablicos, como vice-Presidente de Agroneg\u00f3cios e Agricultura Familiar do Banco do Brasil, Luiz Gustavo Braz Lage, o superintendente do BB, Felipe Duch, e o gerente da \u00c1rea de Opera\u00e7\u00f5es e Canais Digitais do BNDES, R\u00f4mulo Bastos Dias.<\/p>\n<\/div>\n<div>\n<figure class=\"wp-block-image size-large\"><img fetchpriority=\"high\" decoding=\"async\" width=\"1024\" height=\"683\" alt=\"Visita Ministro Carlos F\u00e1varo a Bahia e Piau\u00ed, no Matopiba; fazendas, agenda\" class=\"wp-image-4084283\"  data-lazy- src=\"https:\/\/agromt.news\/wp-content\/uploads\/2025\/01\/Em-visita-a-Bahia-e-Piaui-ministro-Favaro-destaca-investimentos.jpg\"\/><img decoding=\"async\" width=\"1024\" height=\"683\" src=\"https:\/\/agromt.news\/wp-content\/uploads\/2025\/01\/Em-visita-a-Bahia-e-Piaui-ministro-Favaro-destaca-investimentos.jpg\" alt=\"Visita Ministro Carlos F\u00e1varo a Bahia e Piau\u00ed, no Matopiba; fazendas, agenda\" class=\"wp-image-4084283\"  \/><figcaption class=\"wp-element-caption\">Foto: Divulga\u00e7\u00e3o\/Mapa<\/figcaption><\/figure>\n<p>O ministro Carlos F\u00e1varo destacou o empenho do Governo Federal na infraestrutura que fomente a agricultura de qualidade, gerando oportunidades no Piau\u00ed. <\/p>\n<p>\u201cVim com os dirigentes dos bancos para conhecer in loco e mostrar que podemos investir neste estado que \u00e9 terra de prosperidade e oportunidades\u201d, comentou.<\/p>\n<p>Conforme levantamento do Instituto Brasileiro de Geografia e Estat\u00edstica (IBGE), o Piau\u00ed registrou crescimento de 384% no valor da produ\u00e7\u00e3o agr\u00edcola nos \u00faltimos oito anos.<\/p>\n<hr class=\"wp-block-separator has-alpha-channel-opacity\"\/>\n<p><em>Siga o\u00a0<a href=\"https:\/\/www.instagram.com\/canalruralbahia\/\">Canal Rural Bahia no Instagram<\/a>! Voc\u00ea tamb\u00e9m pode participar deixando uma sugest\u00e3o de pauta. Clique\u00a0<a href=\"https:\/\/wa.me\/5577999455066\"><strong>aqui<\/strong><\/a>\u00a0e envie uma mensagem para o nosso WhatsApp<\/em>!<\/p>\n<\/p><\/div>\n<p><script async src=\"\/\/www.instagram.com\/embed.js\"><\/script><br \/>\n<br \/><br \/>\n<br \/><a href=\"https:\/\/www.canalrural.com.br\/nacional\/bahia\/em-visita-a-bahia-e-piaui-ministro-favaro-destaca-investimentos-na-agricultura\/\">Source link <\/a><\/p>\n","protected":false},"excerpt":{"rendered":"<p>Nesta quarta-feira (22), o ministro da Agricultura e Pecu\u00e1ria, Carlos F\u00e1varo visitou fazendas em Lu\u00eds Eduardo Magalh\u00e3es (LEM), no Oeste<\/p>\n","protected":false},"author":1,"featured_media":8406,"comment_status":"open","ping_status":"open","sticky":false,"template":"","format":"standard","meta":{"_monsterinsights_skip_tracking":false,"_monsterinsights_sitenote_active":false,"_monsterinsights_sitenote_note":"","_monsterinsights_sitenote_category":0,"_uf_show_specific_survey":0,"_uf_disable_surveys":false,"footnotes":""},"categories":[1],"tags":[],"class_list":["post-8405","post","type-post","status-publish","format-standard","has-post-thumbnail","hentry","category-news"],"_links":{"self":[{"href":"https:\/\/agromt.news\/index.php?rest_route=\/wp\/v2\/posts\/8405"}],"collection":[{"href":"https:\/\/agromt.news\/index.php?rest_route=\/wp\/v2\/posts"}],"about":[{"href":"https:\/\/agromt.news\/index.php?rest_route=\/wp\/v2\/types\/post"}],"author":[{"embeddable":true,"href":"https:\/\/agromt.news\/index.php?rest_route=\/wp\/v2\/users\/1"}],"replies":[{"embeddable":true,"href":"https:\/\/agromt.news\/index.php?rest_route=%2Fwp%2Fv2%2Fcomments&post=8405"}],"version-history":[{"count":0,"href":"https:\/\/agromt.news\/index.php?rest_route=\/wp\/v2\/posts\/8405\/revisions"}],"wp:featuredmedia":[{"embeddable":true,"href":"https:\/\/agromt.news\/index.php?rest_route=\/wp\/v2\/media\/8406"}],"wp:attachment":[{"href":"https:\/\/agromt.news\/index.php?rest_route=%2Fwp%2Fv2%2Fmedia&parent=8405"}],"wp:term":[{"taxonomy":"category","embeddable":true,"href":"https:\/\/agromt.news\/index.php?rest_route=%2Fwp%2Fv2%2Fcategories&post=8405"},{"taxonomy":"post_tag","embeddable":true,"href":"https:\/\/agromt.news\/index.php?rest_route=%2Fwp%2Fv2%2Ftags&post=8405"}],"curies":[{"name":"wp","href":"https:\/\/api.w.org\/{rel}","templated":true}]}}