{"id":8403,"date":"2025-01-23T08:53:04","date_gmt":"2025-01-23T12:53:04","guid":{"rendered":"https:\/\/agromt.news\/?p=8403"},"modified":"2025-01-23T08:53:04","modified_gmt":"2025-01-23T12:53:04","slug":"mercado-de-trigo-em-lenta-recuperacao","status":"publish","type":"post","link":"https:\/\/agromt.news\/?p=8403","title":{"rendered":"Mercado de trigo em lenta recupera\u00e7\u00e3o"},"content":{"rendered":"<p> <br \/>\n<\/p>\n<div>\n<div class=\"row\">\n<div class=\"col-lg col-infos mt-3 mt-lg-0\">\n<div class=\"section-sub-title\">\n<p itemprop=\"description\">&#13;<br \/>\n                                No Paran\u00e1, a tentativa dos vendedores de liberar armaz\u00e9ns gerou movimento&#13;\n                            <\/p>\n<\/p><\/div>\n<div class=\"container\">\n<div class=\"row\">\n<div class=\"col-lg p-0\">\n<div>\n<div class=\"block-news-main-infos mt-3 text-start\">\n<p>                                            <strong class=\"fn\" itemprop=\"author\" style=\"color: rgb(112, 112, 112); \">&#13;<br \/>\n                                                <a href=\"https:\/\/www.agrolink.com.br\/noticias\/javascript:;\" class=\"text-uppercase\" target=\"_blank\" style=\"color: rgb(112, 112, 112); \" rel=\"noopener\">Agrolink<\/a>&#13;<br \/>\n&#13;<br \/>\n                                                    &#8211; Leonardo Gottems&#13;<br \/>\n&#13;<br \/>\n                                            <\/strong><br \/>\n                                        <\/p>\n<p>                                            <abbr><time datetime=\"2025-01-22T08:38\" itemprop=\"datePublished dateModified\">Publicado em 22\/01\/2025 \u00e0s 08:38h.<\/time><\/abbr><br \/>\n                                            <\/p><\/div>\n<\/p><\/div>\n<\/p><\/div>\n<div class=\"col-lg p-0 text-lg-end\">\n<div>\n<div id=\"mdEnviarPagina\" class=\"modal fade\" role=\"dialog\">\n<div class=\"modal-dialog\">\n<div class=\"modal-content\">\n<div class=\"modal-body\">\n<p><strong>Estimado usu\u00e1rio.<\/strong><br \/>Preencha o formul\u00e1rio abaixo para remeter a p\u00e1gina.<\/p>\n<\/p><\/div>\n<\/p><\/div>\n<\/p><\/div>\n<\/div><\/div>\n<\/p><\/div>\n<\/p><\/div>\n<\/p><\/div>\n<\/p><\/div>\n<\/p><\/div>\n<div class=\"row justify-content-md-center mt-3\">\n<div class=\"col-lg-auto col-image  block-news-main-image d-none d-md-block\">\n<p>                                <img decoding=\"async\" src=\"https:\/\/www.agrolink.com.br\/upload\/imagens-resizes\/5f7424ef219a43dda7a58e6cc4ee9b05_858x483.jpg\" class=\"lazyload \" alt=\"Em Santa Catarina, os pre\u00e7os variam entre R$ 1.400 e R$ 1.500\/tonelada\"\/><br \/>\n                                                <span class=\"d-block mt-1\">Em Santa Catarina, os pre\u00e7os variam entre R$ 1.400 e R$ 1.500\/tonelada &#8211; Foto: Canva<\/span><\/p><\/div>\n<\/p><\/div>\n<div class=\"section-description section-description-noticias mt-3\">\n<p>De acordo com informa\u00e7\u00f5es da TF Agroecon\u00f4mica, o mercado de <a href=\"https:\/\/www.agrolink.com.br\/culturas\/trigo\/?utm_source=agrolink-detalhe-noticia&amp;utm_medium=detalhe-noticia&amp;utm_campaign=links-internos\" target=\"_blank\" rel=\"noopener\">trigo<\/a> no Rio Grande do Sul, Santa Catarina e Paran\u00e1 segue apresentando movimenta\u00e7\u00f5es moderadas, com destaque para a estrat\u00e9gia dos moinhos de antecipar seus estoques. No Rio Grande do Sul, o mercado local continua lento, com moinhos cobrindo suas posi\u00e7\u00f5es para janeiro e j\u00e1 analisando ofertas para fevereiro e mar\u00e7o.\u00a0&#13;\n<\/p>\n<p>No interior, as indica\u00e7\u00f5es de comprador est\u00e3o em R$ 1.250,00 para embarques de 15\/02 a 15\/03, enquanto trigos mais fortes s\u00e3o cotados a R$ 1.300,00. No mercado de exporta\u00e7\u00e3o, pre\u00e7os ca\u00edram R$ 20\/t, com cota\u00e7\u00f5es de R$ 1.350,00 para entrega em fevereiro. O pre\u00e7o da pedra em Panambi permaneceu em R$ 65,00 por saca.<\/p>\n<p>Em Santa Catarina, os pre\u00e7os variam entre R$ 1.400 e R$ 1.500\/tonelada, com ofertas espec\u00edficas em Mafra (R$ 1.400 CIF), Tr\u00eas Barras (R$ 1.430 CIF), Campos Novos (R$ 1.440 CIF) e Pinhalzinho (R$ 1.500 CIF). O trigo importado, que chega ao estado atrav\u00e9s da Serra Morena, \u00e9 negociado por valores superiores a R$ 1.700 no porto e R$ 1.800 no interior. O pre\u00e7o da pedra para triticultores locais manteve-se est\u00e1vel, com destaque para R$ 73,00\/saca em S\u00e3o Miguel do Oeste e Xanxer\u00ea, enquanto Canoinhas e Joa\u00e7aba registraram R$ 72,00\/saca.&#13;\n<\/p>\n<p>No Paran\u00e1, a tentativa dos vendedores de liberar armaz\u00e9ns para milho-ver\u00e3o e soja gerou algum movimento. No norte do estado, o pre\u00e7o negociado foi de R$ 1.450\/t, enquanto no oeste e sudoeste, as pedidas s\u00e3o menores, tornando o trigo paranaense mais competitivo que o ga\u00facho. Contudo, a diferen\u00e7a entre as ofertas dos vendedores e a demanda dos compradores ainda dificulta negocia\u00e7\u00f5es significativas.<\/p>\n<p>\u00a0<\/p>\n<\/p><\/div>\n<\/p><\/div>\n<p><script data-cfasync=\"false\">\n    !function (f, b, e, v, n, t, s) {\n        if (f.fbq) return; n = f.fbq = function () {\n            n.callMethod ?\n                n.callMethod.apply(n, arguments) : n.queue.push(arguments)\n        };\n        if (!f._fbq) f._fbq = n; n.push = n; n.loaded = !0; n.version = '2.0';\n        n.queue = []; t = b.createElement(e); t.async = !0;\n        t.src = v; s = b.getElementsByTagName(e)[0];\n        s.parentNode.insertBefore(t, s)\n    }(window, document, 'script',\n        'https:\/\/connect.facebook.net\/en_US\/fbevents.js');\n    fbq('init', '522546078623747');\n    fbq('track', 'PageView');\n<\/script><br \/>\n<br \/><br \/>\n<br \/><a href=\"https:\/\/www.agrolink.com.br\/noticias\/mercado-de-trigo-em-lenta-recuperacao_498639.html\">Source link <\/a><\/p>\n","protected":false},"excerpt":{"rendered":"<p>&#13; No Paran\u00e1, a tentativa dos vendedores de liberar armaz\u00e9ns gerou movimento&#13; &#13; Agrolink&#13; &#13; &#8211; Leonardo Gottems&#13; &#13; Publicado<\/p>\n","protected":false},"author":1,"featured_media":8404,"comment_status":"open","ping_status":"open","sticky":false,"template":"","format":"standard","meta":{"_monsterinsights_skip_tracking":false,"_monsterinsights_sitenote_active":false,"_monsterinsights_sitenote_note":"","_monsterinsights_sitenote_category":0,"_uf_show_specific_survey":0,"_uf_disable_surveys":false,"footnotes":""},"categories":[8,1,14],"tags":[],"class_list":["post-8403","post","type-post","status-publish","format-standard","has-post-thumbnail","hentry","category-agro","category-news","category-politica-agro"],"_links":{"self":[{"href":"https:\/\/agromt.news\/index.php?rest_route=\/wp\/v2\/posts\/8403"}],"collection":[{"href":"https:\/\/agromt.news\/index.php?rest_route=\/wp\/v2\/posts"}],"about":[{"href":"https:\/\/agromt.news\/index.php?rest_route=\/wp\/v2\/types\/post"}],"author":[{"embeddable":true,"href":"https:\/\/agromt.news\/index.php?rest_route=\/wp\/v2\/users\/1"}],"replies":[{"embeddable":true,"href":"https:\/\/agromt.news\/index.php?rest_route=%2Fwp%2Fv2%2Fcomments&post=8403"}],"version-history":[{"count":0,"href":"https:\/\/agromt.news\/index.php?rest_route=\/wp\/v2\/posts\/8403\/revisions"}],"wp:featuredmedia":[{"embeddable":true,"href":"https:\/\/agromt.news\/index.php?rest_route=\/wp\/v2\/media\/8404"}],"wp:attachment":[{"href":"https:\/\/agromt.news\/index.php?rest_route=%2Fwp%2Fv2%2Fmedia&parent=8403"}],"wp:term":[{"taxonomy":"category","embeddable":true,"href":"https:\/\/agromt.news\/index.php?rest_route=%2Fwp%2Fv2%2Fcategories&post=8403"},{"taxonomy":"post_tag","embeddable":true,"href":"https:\/\/agromt.news\/index.php?rest_route=%2Fwp%2Fv2%2Ftags&post=8403"}],"curies":[{"name":"wp","href":"https:\/\/api.w.org\/{rel}","templated":true}]}}