{"id":8395,"date":"2025-01-23T04:46:22","date_gmt":"2025-01-23T08:46:22","guid":{"rendered":"https:\/\/agromt.news\/?p=8395"},"modified":"2025-01-23T04:46:22","modified_gmt":"2025-01-23T08:46:22","slug":"lei-reconhece-importancia-da-aviacao-agricola-no-rs","status":"publish","type":"post","link":"https:\/\/agromt.news\/?p=8395","title":{"rendered":"Lei reconhece import\u00e2ncia da avia\u00e7\u00e3o agr\u00edcola no RS"},"content":{"rendered":"<p> <br \/>\n<\/p>\n<div>\n<p style=\"text-align:justify\">Segundo informa\u00e7\u00f5es divulgadas pelo Sindicato Nacional das Empresas de Avia\u00e7\u00e3o Agr\u00edcola (Sindag), entrou em vigor no Rio Grande do Sul a Lei Estadual n.\u00ba 16.267\/25, que declara a avia\u00e7\u00e3o agr\u00edcola como de relevante interesse social, p\u00fablico e econ\u00f4mico. A norma foi promulgada pelo presidente da Assembleia Legislativa, deputado Adolfo Brito (PP), no dia 9 de janeiro e publicada oficialmente no Di\u00e1rio da Assembleia no dia 10.&#13;\n<\/p>\n<p style=\"text-align:justify\">Aprovada em dezembro de 2024 com 31 votos favor\u00e1veis e 12 contr\u00e1rios, a lei surgiu do Projeto de Lei 442\/23, de autoria do deputado Marcus Vinicius (PP) e coassinada por outros 23 parlamentares. O objetivo central da medida \u00e9 garantir seguran\u00e7a jur\u00eddica para um setor vital \u00e0 agricultura do Estado, destacando a precis\u00e3o, efici\u00eancia e transpar\u00eancia das ferramentas a\u00e9reas no manejo das lavouras.<\/p>\n<p style=\"text-align:justify\"><strong>Impacto para a agricultura ga\u00facha<\/strong><\/p>\n<p style=\"text-align:justify\">A avia\u00e7\u00e3o agr\u00edcola \u00e9 altamente regulamentada por legisla\u00e7\u00f5es federais e monitorada por \u00f3rg\u00e3os ambientais e de agricultura. No Rio Grande do Sul, onde o setor nasceu em 1947, essa tecnologia \u00e9 essencial para o sucesso de culturas como soja, milho, trigo e, especialmente, arroz. O Estado \u00e9 respons\u00e1vel por 70% da produ\u00e7\u00e3o de arroz no Brasil, sendo que boa parte das lavouras depende diretamente das tecnologias a\u00e9reas para garantir produtividade e qualidade.&#13;\n<\/p>\n<p style=\"text-align:justify\">O Rio Grande do Sul tamb\u00e9m se destaca como a segunda maior frota de aeronaves agr\u00edcolas do Brasil, com n\u00fameros expressivos que incluem, al\u00e9m dos avi\u00f5es, a crescente utiliza\u00e7\u00e3o de drones na aplica\u00e7\u00e3o de insumos agr\u00edcolas.<\/p>\n<p style=\"text-align:justify\"><strong>Homenagem a um pioneiro<\/strong><\/p>\n<p style=\"text-align:justify\">A lei recebeu o nome de &#8220;Lei Telmo Fabr\u00edcio Dutra&#8221; em homenagem ao ex-presidente do Sindag (1997-1999) e um dos fundadores da entidade em 1991. Dutra teve um papel crucial na consolida\u00e7\u00e3o do sindicato em Porto Alegre, o que projetou o setor ga\u00facho de avia\u00e7\u00e3o agr\u00edcola no cen\u00e1rio nacional e internacional.<\/p>\n<p style=\"text-align:justify\">O reconhecimento pela Assembleia Legislativa reafirma o papel estrat\u00e9gico da avia\u00e7\u00e3o agr\u00edcola para o desenvolvimento humano e tecnol\u00f3gico, al\u00e9m de fortalecer o protagonismo do Rio Grande do Sul como ber\u00e7o e refer\u00eancia nacional no segmento.<\/p>\n<p style=\"text-align:justify\"><strong>Avan\u00e7os e expectativas<\/strong><\/p>\n<p style=\"text-align:justify\">Com a promulga\u00e7\u00e3o da lei, o setor aeroagr\u00edcola passa a contar com respaldo jur\u00eddico que assegura sua atua\u00e7\u00e3o em todo o territ\u00f3rio ga\u00facho, desde que respeitadas as normas regulat\u00f3rias vigentes. A expectativa \u00e9 de que a medida promova um debate mais equilibrado sobre o uso de tecnologias agr\u00edcolas, valorizando sua contribui\u00e7\u00e3o para a seguran\u00e7a alimentar e para a economia do Estado.&#13;\n<\/p>\n<\/p><\/div>\n<p><script data-cfasync=\"false\">\n    !function (f, b, e, v, n, t, s) {\n        if (f.fbq) return; n = f.fbq = function () {\n            n.callMethod ?\n                n.callMethod.apply(n, arguments) : n.queue.push(arguments)\n        };\n        if (!f._fbq) f._fbq = n; n.push = n; n.loaded = !0; n.version = '2.0';\n        n.queue = []; t = b.createElement(e); t.async = !0;\n        t.src = v; s = b.getElementsByTagName(e)[0];\n        s.parentNode.insertBefore(t, s)\n    }(window, document, 'script',\n        'https:\/\/connect.facebook.net\/en_US\/fbevents.js');\n    fbq('init', '522546078623747');\n    fbq('track', 'PageView');\n<\/script><br \/>\n<br \/><br \/>\n<br \/><a href=\"https:\/\/www.agrolink.com.br\/noticias\/lei-reconhece-importancia-da-aviacao-agricola-no-rs_498641.html\">Source link <\/a><\/p>\n","protected":false},"excerpt":{"rendered":"<p>Segundo informa\u00e7\u00f5es divulgadas pelo Sindicato Nacional das Empresas de Avia\u00e7\u00e3o Agr\u00edcola (Sindag), entrou em vigor no Rio Grande do Sul<\/p>\n","protected":false},"author":1,"featured_media":8396,"comment_status":"open","ping_status":"open","sticky":false,"template":"","format":"standard","meta":{"_monsterinsights_skip_tracking":false,"_monsterinsights_sitenote_active":false,"_monsterinsights_sitenote_note":"","_monsterinsights_sitenote_category":0,"_uf_show_specific_survey":0,"_uf_disable_surveys":false,"footnotes":""},"categories":[8,1,14],"tags":[],"class_list":["post-8395","post","type-post","status-publish","format-standard","has-post-thumbnail","hentry","category-agro","category-news","category-politica-agro"],"_links":{"self":[{"href":"https:\/\/agromt.news\/index.php?rest_route=\/wp\/v2\/posts\/8395"}],"collection":[{"href":"https:\/\/agromt.news\/index.php?rest_route=\/wp\/v2\/posts"}],"about":[{"href":"https:\/\/agromt.news\/index.php?rest_route=\/wp\/v2\/types\/post"}],"author":[{"embeddable":true,"href":"https:\/\/agromt.news\/index.php?rest_route=\/wp\/v2\/users\/1"}],"replies":[{"embeddable":true,"href":"https:\/\/agromt.news\/index.php?rest_route=%2Fwp%2Fv2%2Fcomments&post=8395"}],"version-history":[{"count":0,"href":"https:\/\/agromt.news\/index.php?rest_route=\/wp\/v2\/posts\/8395\/revisions"}],"wp:featuredmedia":[{"embeddable":true,"href":"https:\/\/agromt.news\/index.php?rest_route=\/wp\/v2\/media\/8396"}],"wp:attachment":[{"href":"https:\/\/agromt.news\/index.php?rest_route=%2Fwp%2Fv2%2Fmedia&parent=8395"}],"wp:term":[{"taxonomy":"category","embeddable":true,"href":"https:\/\/agromt.news\/index.php?rest_route=%2Fwp%2Fv2%2Fcategories&post=8395"},{"taxonomy":"post_tag","embeddable":true,"href":"https:\/\/agromt.news\/index.php?rest_route=%2Fwp%2Fv2%2Ftags&post=8395"}],"curies":[{"name":"wp","href":"https:\/\/api.w.org\/{rel}","templated":true}]}}