{"id":839,"date":"2024-08-27T08:27:44","date_gmt":"2024-08-27T12:27:44","guid":{"rendered":"https:\/\/agromt.news\/?p=839"},"modified":"2024-08-27T08:27:44","modified_gmt":"2024-08-27T12:27:44","slug":"g20-em-mato-grosso-reune-lideres-mundiais-para-debater-seguranca-alimentar-e-clima","status":"publish","type":"post","link":"https:\/\/agromt.news\/?p=839","title":{"rendered":"G20 em Mato Grosso re\u00fane l\u00edderes mundiais para debater seguran\u00e7a alimentar e clima"},"content":{"rendered":"<p> <br \/>\n<br \/><img decoding=\"async\" src=\"https:\/\/agromt.news\/wp-content\/uploads\/2024\/08\/G20-em-Mato-Grosso-reune-lideres-mundiais-para-debater-seguranca.jpg\" \/><\/p>\n<div>\n<p>Rico em produ\u00e7\u00e3o de gr\u00e3os e fibra, batendo recordes de safras a cada ano e detentor do<br \/>maior rebanho bovino do pa\u00eds, com mais de 34 milh\u00f5es de cabe\u00e7as, Mato Grosso foi eleito o<br \/>local perfeito para sediar, entre 10 e 13 de setembro, os debates do G20 Agro no Brasil. Na pauta, assuntos como pr\u00e1ticas sustent\u00e1veis na agricultura, seguran\u00e7a alimentar e inova\u00e7\u00f5es agr\u00edcolas.<\/p>\n<p>O encontro ser\u00e1 em Chapada dos Guimar\u00e3es, munic\u00edpio a cerca de 67 quil\u00f4metros da<br \/>capital Cuiab\u00e1 e detentor de belas cachoeiras e paisagens naturais.<\/p>\n<p>\u201cSe Mato Grosso fosse um pa\u00eds, seria o terceiro maior produtor de soja do mundo. Conversei<br \/>com o presidente Lula e ele nos autorizou a fazer o encontro no estado com os ministros da<br \/>Agricultura do G20 para debater os avan\u00e7os da agropecu\u00e1ria mundial. Ser\u00e1 um grande evento<br \/>para mostrar a for\u00e7a e a sustentabilidade da nossa agropecu\u00e1ria\u201d, diz o ministro da<br \/>Agricultura e Pecu\u00e1ria, Carlos F\u00e1varo, sobre a escolha do estado.<\/p>\n<p>Entre as principais pautas do GT Agricultura a serem debatidas em Mato Grosso, conforme o<br \/>Minist\u00e9rio da Agricultura e Pecu\u00e1ria (Mapa), est\u00e3o a sustentabilidade nos sistemas<br \/>agroalimentares em seus m\u00faltiplos aspectos e a amplia\u00e7\u00e3o da contribui\u00e7\u00e3o do com\u00e9rcio internacional para a seguran\u00e7a alimentar e nutricional.<\/p>\n<\/div>\n<div>\n<p>Tamb\u00e9m est\u00e3o na pauta o reconhecimento do papel essencial da agricultura familiar,<br \/>camponeses, povos ind\u00edgenas e comunidades tradicionais para sistemas alimentares<br \/>sustent\u00e1veis, saud\u00e1veis e inclusivos e a promo\u00e7\u00e3o da integra\u00e7\u00e3o sustent\u00e1vel da pesca e<br \/>aquicultura nas cadeias sociais locais e globais.<\/p>\n<p>O G20 re\u00fane os pa\u00edses com as maiores economias do mundo. Os encontros dos Estados-<br \/>membros s\u00e3o anuais e visam discutir iniciativas econ\u00f4micas, pol\u00edticas e sociais. O Brasil integra o GT Agricultura desde sua cria\u00e7\u00e3o em 2011.<\/p>\n<p>Para o ministro Carlos F\u00e1varo, o encontro com os representantes da agropecu\u00e1ria das principais economias do mundo trar\u00e1 oportunidades econ\u00f4micas para o Brasil.<\/p>\n<p>\u201cIsso vai fortalecer nossa rela\u00e7\u00e3o comercial e gerar oportunidades. O resultado disso \u00e9 neg\u00f3cio acontecendo, o que gera emprego para a nossa economia\u201d.<\/p>\n<h2 class=\"wp-block-heading\" id=\"h-numeros-que-falam-por-si-so\">N\u00fameros que falam por si s\u00f3<\/h2>\n<p>Mato Grosso possui 903.357 quil\u00f4metros quadrados de extens\u00e3o territorial e abriga os biomas<br \/>do Cerrado, Amaz\u00f4nia e Pantanal.<\/p>\n<p>\u00c9 cortado por seis rodovias federais, sendo a BR-163 a principal via de escoamento ligando o<br \/>norte e o sul do estado aos portos de Santos (SP), Paranagu\u00e1 (PR) e Miritituba (PA). Al\u00e9m de<br \/>rodovias estaduais, como a MT-130 e 170, que servem de espinha dorsal e acesso \u00e0s federais.<\/p>\n<p>Quando o assunto s\u00e3o gr\u00e3os, o estado responde por quase 30% da produ\u00e7\u00e3o brasileira. Na safra 2023\/24, entre soja e milho, apontam os dados do Instituto Mato-grossense de Economia Agropecu\u00e1ria (Imea) apontam para algo em torno de 86,5 milh\u00f5es de toneladas entre soja e milho; j\u00e1 em pluma de algod\u00e3o s\u00e3o 2,6 milh\u00f5es de toneladas. Sem contar as produ\u00e7\u00f5es de gergelim, feij\u00e3o, arroz e girassol.<\/p>\n<p>Al\u00e9m de preservar cerca de 63% do seu territ\u00f3rio, o estado ainda preza pela sustentabilidade<br \/>com r\u00edgidas normas ambientais.<\/p>\n<p>E quando se fala em sustentabilidade, Mato Grosso \u00e9 l\u00edder, inclusive, na produ\u00e7\u00e3o de<br \/>biocombust\u00edveis, principalmente etanol de milho. Nesta temporada, das cerca de 15,85 milh\u00f5es de toneladas de milho previstas para serem consumidas dentro do estado, 11,69 milh\u00f5es de toneladas, ou seja, 73,74% possuem como destino as usinas de etanol de milho, segundo o Imea.<\/p>\n<p>Para a safra 2024\/25, a previs\u00e3o \u00e9 que no Brasil sejam produzidos 7,7 bilh\u00f5es de litros de etanol de milho, de acordo com proje\u00e7\u00f5es recentes do Instituto. O volume representa uma alta de 22% em compara\u00e7\u00e3o \u00e0 safra passada. Em Mato Grosso, a produ\u00e7\u00e3o dever\u00e1 alcan\u00e7ar 5,2 bilh\u00f5es de litros.<\/p>\n<h2 class=\"wp-block-heading\" id=\"h-forum-internacional-antecede-agenda-do-g20-agro\">F\u00f3rum Internacional antecede agenda do G20 Agro<\/h2>\n<p>No dia 9 de setembro, o Canal Rural promove em Cuiab\u00e1 o F\u00f3rum Internacional da<br \/>Agropecu\u00e1ria <strong><a href=\"https:\/\/www.canalrural.com.br\/sustentabilidade\/agro-prepara-forum-em-cuiaba-para-chamar-atencao-do-g20\/\">(Fiap 2024)<\/a><\/strong>. O evento antecede a agenda do Grupo de Trabalho G20 Agro, que reunir\u00e1 autoridades dos 20 pa\u00edses do bloco e mais dez pa\u00edses convidados<\/p>\n<p>O f\u00f3rum, que acontecer\u00e1 no espa\u00e7o Cenarium Rural, aproveitar\u00e1 a presen\u00e7a de autoridades<br \/>internacionais no estado para apresentar o agro brasileiro, com uma an\u00e1lise profunda das \u00faltimas d\u00e9cadas, destacando a ado\u00e7\u00e3o de novas tecnologias, a abertura de mercados e as<br \/>pr\u00e1ticas sustent\u00e1veis.<\/p>\n<p>Entre as autoridades confirmadas est\u00e3o o ministro da Agricultura, Carlos F\u00e1varo; os ex-<br \/>ministros Roberto Rodrigues, Aldo Rebelo e Blairo Maggi; a presidente da Embrapa, Silvia Massruh\u00e1; e o ministro encarregado de Neg\u00f3cios da Uni\u00e3o Europeia, Jean-Pierre Bou.<\/p>\n<p>Presidente do Canal Rural, Julio Cargnino afirma que o objetivo do evento \u00e9 \u201cmostrar como o<br \/>pa\u00eds passou de importador a um dos maiores exportadores de alimentos do mundo e l\u00edder em<br \/>diversos setores\u201d.<\/p>\n<p>\u201cQueremos estabelecer um di\u00e1logo com os nossos principais parceiros comerciais internacionais e mostrar ao mundo como o Brasil est\u00e1 endere\u00e7ando a sua estrat\u00e9gia de futuro no agroneg\u00f3cio\u201d, ressalta Cargnino.<\/p>\n<p>O Fiap 2024 tem o apoio da Confedera\u00e7\u00e3o de Agricultura e Pecu\u00e1ria do Brasil (CNA), Senar-MT, Federa\u00e7\u00e3o de Agricultura de Mato Grosso (Famato), Confedera\u00e7\u00e3o Nacional da Ind\u00fastria (CNI), CropLife, Funda\u00e7\u00e3o de Apoio \u00e0 Pesquisa do Corredor de Exporta\u00e7\u00e3o Norte (Fapcen) e Azul Linhas A\u00e9reas, al\u00e9m do patroc\u00ednio da JBS.<\/p>\n<\/div>\n<p><br \/>\n<br \/><a href=\"https:\/\/www.canalrural.com.br\/agricultura\/g20-em-mato-grosso-reune-lideres-mundiais-para-debater-seguranca-alimentar-e-clima\/\">Source link <\/a><\/p>\n","protected":false},"excerpt":{"rendered":"<p>Rico em produ\u00e7\u00e3o de gr\u00e3os e fibra, batendo recordes de safras a cada ano e detentor domaior rebanho bovino do<\/p>\n","protected":false},"author":1,"featured_media":840,"comment_status":"open","ping_status":"open","sticky":false,"template":"","format":"standard","meta":{"_monsterinsights_skip_tracking":false,"_monsterinsights_sitenote_active":false,"_monsterinsights_sitenote_note":"","_monsterinsights_sitenote_category":0,"_uf_show_specific_survey":0,"_uf_disable_surveys":false,"footnotes":""},"categories":[1],"tags":[],"class_list":["post-839","post","type-post","status-publish","format-standard","has-post-thumbnail","hentry","category-news"],"_links":{"self":[{"href":"https:\/\/agromt.news\/index.php?rest_route=\/wp\/v2\/posts\/839"}],"collection":[{"href":"https:\/\/agromt.news\/index.php?rest_route=\/wp\/v2\/posts"}],"about":[{"href":"https:\/\/agromt.news\/index.php?rest_route=\/wp\/v2\/types\/post"}],"author":[{"embeddable":true,"href":"https:\/\/agromt.news\/index.php?rest_route=\/wp\/v2\/users\/1"}],"replies":[{"embeddable":true,"href":"https:\/\/agromt.news\/index.php?rest_route=%2Fwp%2Fv2%2Fcomments&post=839"}],"version-history":[{"count":0,"href":"https:\/\/agromt.news\/index.php?rest_route=\/wp\/v2\/posts\/839\/revisions"}],"wp:featuredmedia":[{"embeddable":true,"href":"https:\/\/agromt.news\/index.php?rest_route=\/wp\/v2\/media\/840"}],"wp:attachment":[{"href":"https:\/\/agromt.news\/index.php?rest_route=%2Fwp%2Fv2%2Fmedia&parent=839"}],"wp:term":[{"taxonomy":"category","embeddable":true,"href":"https:\/\/agromt.news\/index.php?rest_route=%2Fwp%2Fv2%2Fcategories&post=839"},{"taxonomy":"post_tag","embeddable":true,"href":"https:\/\/agromt.news\/index.php?rest_route=%2Fwp%2Fv2%2Ftags&post=839"}],"curies":[{"name":"wp","href":"https:\/\/api.w.org\/{rel}","templated":true}]}}