{"id":8388,"date":"2025-01-22T22:37:13","date_gmt":"2025-01-23T02:37:13","guid":{"rendered":"https:\/\/agromt.news\/?p=8388"},"modified":"2025-01-22T22:37:13","modified_gmt":"2025-01-23T02:37:13","slug":"mercado-de-maquinas-agricolas-enfrenta-queda","status":"publish","type":"post","link":"https:\/\/agromt.news\/?p=8388","title":{"rendered":"Mercado de m\u00e1quinas agr\u00edcolas enfrenta queda"},"content":{"rendered":"<p> <br \/>\n<\/p>\n<div>\n<p>O mercado de m\u00e1quinas agr\u00edcolas no Brasil fechou 2024 com uma significativa queda nas vendas, conforme dados da FederUnacoma, com base nos registros do Minist\u00e9rio dos Transportes. Todos os principais tipos de m\u00e1quinas sofreram retra\u00e7\u00e3o, com destaque para os tratores, que tiveram uma diminui\u00e7\u00e3o de 12,3%, com 15.448 unidades vendidas (contra 17.613 em 2023), o pior desempenho desde 1952. As colheitadeiras tamb\u00e9m apresentaram uma redu\u00e7\u00e3o de 31,8%, totalizando 266 unidades registradas, enquanto os transportadores ca\u00edram 14,9%, com 525 unidades comercializadas.&#13;\n<\/p>\n<p>A queda se estendeu a manipuladores telesc\u00f3picos e reboques. Os manipuladores reduziram em 14,4%, com 977 unidades vendidas (contra 1.141 no ano anterior), enquanto os reboques sofreram uma retra\u00e7\u00e3o de 2,8%, com 7.504 unidades comercializadas (7.718 em 2023). Esse cen\u00e1rio \u00e9 reflexo da alta nos custos de produ\u00e7\u00e3o e das taxas de juros elevadas, que dificultam o acesso ao cr\u00e9dito, al\u00e9m da estagna\u00e7\u00e3o da renda agr\u00edcola. Este \u00e9 o terceiro ano consecutivo de queda para o setor, ap\u00f3s o pico de 2021.&#13;\n<\/p>\n<p>O impacto tamb\u00e9m foi sentido na Europa e na Am\u00e9rica do Norte. Na Uni\u00e3o Europeia, pa\u00edses como Fran\u00e7a (-10,1%), Alemanha (-3,4%) e Reino Unido (-11,9%) apresentaram redu\u00e7\u00e3o nas vendas, assim como os Estados Unidos (-13,2%) e o Canad\u00e1 (-15,8%). \u00a0<\/p>\n<p>Na It\u00e1lia, a situa\u00e7\u00e3o foi ainda mais desafiadora devido ao esgotamento dos incentivos para tecnologias 4.0, que impulsionaram o setor em 2021. Os programas de incentivo, como o PNRR, focados em tratores el\u00e9tricos e movidos a metano, t\u00eam impacto limitado. Para a FederUnacoma, \u00e9 essencial o fortalecimento de novos planos estruturais para enfrentar os desafios econ\u00f4micos atuais.<br \/>&#13;<br \/>\n\u00a0&#13;\n<\/p>\n<\/p><\/div>\n<p><script data-cfasync=\"false\">\n    !function (f, b, e, v, n, t, s) {\n        if (f.fbq) return; n = f.fbq = function () {\n            n.callMethod ?\n                n.callMethod.apply(n, arguments) : n.queue.push(arguments)\n        };\n        if (!f._fbq) f._fbq = n; n.push = n; n.loaded = !0; n.version = '2.0';\n        n.queue = []; t = b.createElement(e); t.async = !0;\n        t.src = v; s = b.getElementsByTagName(e)[0];\n        s.parentNode.insertBefore(t, s)\n    }(window, document, 'script',\n        'https:\/\/connect.facebook.net\/en_US\/fbevents.js');\n    fbq('init', '522546078623747');\n    fbq('track', 'PageView');\n<\/script><br \/>\n<br \/><br \/>\n<br \/><a href=\"https:\/\/www.agrolink.com.br\/noticias\/mercado-de-maquinas-agricolas-enfrenta-queda_498644.html\">Source link <\/a><\/p>\n","protected":false},"excerpt":{"rendered":"<p>O mercado de m\u00e1quinas agr\u00edcolas no Brasil fechou 2024 com uma significativa queda nas vendas, conforme dados da FederUnacoma, com<\/p>\n","protected":false},"author":1,"featured_media":2925,"comment_status":"open","ping_status":"open","sticky":false,"template":"","format":"standard","meta":{"_monsterinsights_skip_tracking":false,"_monsterinsights_sitenote_active":false,"_monsterinsights_sitenote_note":"","_monsterinsights_sitenote_category":0,"_uf_show_specific_survey":0,"_uf_disable_surveys":false,"footnotes":""},"categories":[8,1,14],"tags":[],"class_list":["post-8388","post","type-post","status-publish","format-standard","has-post-thumbnail","hentry","category-agro","category-news","category-politica-agro"],"_links":{"self":[{"href":"https:\/\/agromt.news\/index.php?rest_route=\/wp\/v2\/posts\/8388"}],"collection":[{"href":"https:\/\/agromt.news\/index.php?rest_route=\/wp\/v2\/posts"}],"about":[{"href":"https:\/\/agromt.news\/index.php?rest_route=\/wp\/v2\/types\/post"}],"author":[{"embeddable":true,"href":"https:\/\/agromt.news\/index.php?rest_route=\/wp\/v2\/users\/1"}],"replies":[{"embeddable":true,"href":"https:\/\/agromt.news\/index.php?rest_route=%2Fwp%2Fv2%2Fcomments&post=8388"}],"version-history":[{"count":0,"href":"https:\/\/agromt.news\/index.php?rest_route=\/wp\/v2\/posts\/8388\/revisions"}],"wp:featuredmedia":[{"embeddable":true,"href":"https:\/\/agromt.news\/index.php?rest_route=\/wp\/v2\/media\/2925"}],"wp:attachment":[{"href":"https:\/\/agromt.news\/index.php?rest_route=%2Fwp%2Fv2%2Fmedia&parent=8388"}],"wp:term":[{"taxonomy":"category","embeddable":true,"href":"https:\/\/agromt.news\/index.php?rest_route=%2Fwp%2Fv2%2Fcategories&post=8388"},{"taxonomy":"post_tag","embeddable":true,"href":"https:\/\/agromt.news\/index.php?rest_route=%2Fwp%2Fv2%2Ftags&post=8388"}],"curies":[{"name":"wp","href":"https:\/\/api.w.org\/{rel}","templated":true}]}}