{"id":8385,"date":"2025-01-22T20:31:35","date_gmt":"2025-01-23T00:31:35","guid":{"rendered":"https:\/\/agromt.news\/?p=8385"},"modified":"2025-01-22T20:31:35","modified_gmt":"2025-01-23T00:31:35","slug":"andre-correa-do-lago-e-anunciado-como-presidente-da-cop-30","status":"publish","type":"post","link":"https:\/\/agromt.news\/?p=8385","title":{"rendered":"Andr\u00e9 Corr\u00eaa do Lago \u00e9 anunciado como presidente da COP 30"},"content":{"rendered":"<p> <br \/>\n<\/p>\n<div>\n<div class=\"row\">\n<div class=\"col-lg col-infos mt-3 mt-lg-0\">\n<div class=\"section-sub-title\">\n<p itemprop=\"description\">&#13;<br \/>\n                                A COP 30 ser\u00e1 sediada pela primeira vez na Amaz\u00f4nia&#13;\n                            <\/p>\n<\/p><\/div>\n<div class=\"container\">\n<div class=\"row\">\n<div class=\"col-lg p-0\">\n<div>\n<div class=\"block-news-main-infos mt-3 text-start\">\n<p>                                            <strong class=\"fn\" itemprop=\"author\" style=\"color: rgb(112, 112, 112); \">&#13;<br \/>\n                                                <a href=\"https:\/\/www.agrolink.com.br\/noticias\/javascript:;\" class=\"text-uppercase\" target=\"_blank\" style=\"color: rgb(112, 112, 112); \" rel=\"noopener\">Agrolink<\/a>&#13;<br \/>\n&#13;<br \/>\n                                                    &#8211; Aline Merladete&#13;<br \/>\n&#13;<br \/>\n                                            <\/strong><br \/>\n                                        <\/p>\n<p>                                            <abbr><time datetime=\"2025-01-22T10:55\" itemprop=\"datePublished dateModified\">Publicado em 22\/01\/2025 \u00e0s 10:55h.<\/time><\/abbr><br \/>\n                                            <\/p><\/div>\n<\/p><\/div>\n<\/p><\/div>\n<div class=\"col-lg p-0 text-lg-end\">\n<div>\n<div id=\"mdEnviarPagina\" class=\"modal fade\" role=\"dialog\">\n<div class=\"modal-dialog\">\n<div class=\"modal-content\">\n<div class=\"modal-body\">\n<p><strong>Estimado usu\u00e1rio.<\/strong><br \/>Preencha o formul\u00e1rio abaixo para remeter a p\u00e1gina.<\/p>\n<\/p><\/div>\n<\/p><\/div>\n<\/p><\/div>\n<\/div><\/div>\n<\/p><\/div>\n<\/p><\/div>\n<\/p><\/div>\n<\/p><\/div>\n<\/p><\/div>\n<div class=\"row justify-content-md-center mt-3\">\n<div class=\"col-lg-auto col-image  block-news-main-image d-none d-md-block\">\n<p>                                <img decoding=\"async\" src=\"https:\/\/www.agrolink.com.br\/upload\/imagens-resizes\/42e77fc7f21e42b6a4981a069c873915_858x483.jpg\" class=\"lazyload \"\/><br \/>\n                                                <span class=\"publicity-photo d-block mt-1\">Foto:  Foto: Divulga\u00e7\u00e3o\/Minist\u00e9rio das Rela\u00e7\u00f5es Exteriores<\/span><\/p><\/div>\n<\/p><\/div>\n<div class=\"section-description section-description-noticias mt-3\">\n<p style=\"text-align:justify\">O diplomata Andr\u00e9 Aranha Corr\u00eaa do Lago foi escolhido como presidente da 30\u00aa Confer\u00eancia das Na\u00e7\u00f5es Unidas sobre as Mudan\u00e7as Clim\u00e1ticas (COP 30), que acontecer\u00e1 em novembro de 2025, em Bel\u00e9m, no Par\u00e1. A indica\u00e7\u00e3o foi anunciada nesta ter\u00e7a-feira (21) pelo presidente Luiz In\u00e1cio Lula da Silva (PT). Corr\u00eaa do Lago, atual secret\u00e1rio de Clima, Energia e Meio Ambiente do Minist\u00e9rio das Rela\u00e7\u00f5es Exteriores, traz consigo uma trajet\u00f3ria de destaque nas negocia\u00e7\u00f5es clim\u00e1ticas globais.&#13;\n<\/p>\n<p style=\"text-align:justify\">Com experi\u00eancia como representante brasileiro em diversas confer\u00eancias da ONU sobre o clima, o diplomata tamb\u00e9m foi embaixador do Brasil na \u00cdndia entre 2018 e 2023, per\u00edodo em que desempenhou um papel crucial para a implementa\u00e7\u00e3o da pol\u00edtica de uso de etanol em ve\u00edculos no pa\u00eds asi\u00e1tico, inspirada no modelo brasileiro.<\/p>\n<p style=\"text-align:justify\">A Uni\u00e3o da Ind\u00fastria de Cana-de-A\u00e7\u00facar e Bioenergia (UNICA) emitiu uma nota oficial elogiando a escolha de Corr\u00eaa do Lago e destacando sua capacidade de lideran\u00e7a. &#8220;A vasta experi\u00eancia do embaixador em temas relacionados aos desafios das mudan\u00e7as do clima n\u00e3o deixa d\u00favidas de que sua lideran\u00e7a trar\u00e1 excelentes resultados \u00e0 COP do Brasil&#8221;, afirmou a entidade. A UNICA tamb\u00e9m destacou o papel decisivo de Corr\u00eaa do Lago na declara\u00e7\u00e3o do acordo dos ministros do G20, realizada no Brasil no ano passado.&#13;\n<\/p>\n<p style=\"text-align:justify\">A COP 30, que ser\u00e1 sediada pela primeira vez na Amaz\u00f4nia, \u00e9 vista como uma oportunidade estrat\u00e9gica para que o Brasil demonstre sua lideran\u00e7a em solu\u00e7\u00f5es clim\u00e1ticas, como o etanol e outras fontes renov\u00e1veis de energia. A UNICA enfatizou a import\u00e2ncia da confer\u00eancia para consolidar o pa\u00eds como refer\u00eancia global em sustentabilidade e inova\u00e7\u00e3o no setor energ\u00e9tico.<\/p>\n<p style=\"text-align:justify\">Bel\u00e9m ser\u00e1 o epicentro das discuss\u00f5es sobre o futuro clim\u00e1tico do planeta, com a lideran\u00e7a de um diplomata amplamente reconhecido por sua capacidade de articula\u00e7\u00e3o e vis\u00e3o estrat\u00e9gica.<\/p>\n<\/p><\/div>\n<\/p><\/div>\n<p><script data-cfasync=\"false\">\n    !function (f, b, e, v, n, t, s) {\n        if (f.fbq) return; n = f.fbq = function () {\n            n.callMethod ?\n                n.callMethod.apply(n, arguments) : n.queue.push(arguments)\n        };\n        if (!f._fbq) f._fbq = n; n.push = n; n.loaded = !0; n.version = '2.0';\n        n.queue = []; t = b.createElement(e); t.async = !0;\n        t.src = v; s = b.getElementsByTagName(e)[0];\n        s.parentNode.insertBefore(t, s)\n    }(window, document, 'script',\n        'https:\/\/connect.facebook.net\/en_US\/fbevents.js');\n    fbq('init', '522546078623747');\n    fbq('track', 'PageView');\n<\/script><br \/>\n<br \/><br \/>\n<br \/><a href=\"https:\/\/www.agrolink.com.br\/noticias\/andre-correa-do-lago-e-anunciado-como-presidente-da-cop-30_498645.html\">Source link <\/a><\/p>\n","protected":false},"excerpt":{"rendered":"<p>&#13; A COP 30 ser\u00e1 sediada pela primeira vez na Amaz\u00f4nia&#13; &#13; Agrolink&#13; &#13; &#8211; Aline Merladete&#13; &#13; Publicado em<\/p>\n","protected":false},"author":1,"featured_media":8386,"comment_status":"open","ping_status":"open","sticky":false,"template":"","format":"standard","meta":{"_monsterinsights_skip_tracking":false,"_monsterinsights_sitenote_active":false,"_monsterinsights_sitenote_note":"","_monsterinsights_sitenote_category":0,"_uf_show_specific_survey":0,"_uf_disable_surveys":false,"footnotes":""},"categories":[8,1,14],"tags":[],"class_list":["post-8385","post","type-post","status-publish","format-standard","has-post-thumbnail","hentry","category-agro","category-news","category-politica-agro"],"_links":{"self":[{"href":"https:\/\/agromt.news\/index.php?rest_route=\/wp\/v2\/posts\/8385"}],"collection":[{"href":"https:\/\/agromt.news\/index.php?rest_route=\/wp\/v2\/posts"}],"about":[{"href":"https:\/\/agromt.news\/index.php?rest_route=\/wp\/v2\/types\/post"}],"author":[{"embeddable":true,"href":"https:\/\/agromt.news\/index.php?rest_route=\/wp\/v2\/users\/1"}],"replies":[{"embeddable":true,"href":"https:\/\/agromt.news\/index.php?rest_route=%2Fwp%2Fv2%2Fcomments&post=8385"}],"version-history":[{"count":0,"href":"https:\/\/agromt.news\/index.php?rest_route=\/wp\/v2\/posts\/8385\/revisions"}],"wp:featuredmedia":[{"embeddable":true,"href":"https:\/\/agromt.news\/index.php?rest_route=\/wp\/v2\/media\/8386"}],"wp:attachment":[{"href":"https:\/\/agromt.news\/index.php?rest_route=%2Fwp%2Fv2%2Fmedia&parent=8385"}],"wp:term":[{"taxonomy":"category","embeddable":true,"href":"https:\/\/agromt.news\/index.php?rest_route=%2Fwp%2Fv2%2Fcategories&post=8385"},{"taxonomy":"post_tag","embeddable":true,"href":"https:\/\/agromt.news\/index.php?rest_route=%2Fwp%2Fv2%2Ftags&post=8385"}],"curies":[{"name":"wp","href":"https:\/\/api.w.org\/{rel}","templated":true}]}}