{"id":8378,"date":"2025-01-22T18:50:01","date_gmt":"2025-01-22T22:50:01","guid":{"rendered":"https:\/\/agromt.news\/?p=8378"},"modified":"2025-01-22T18:50:01","modified_gmt":"2025-01-22T22:50:01","slug":"carne-suina-tem-queda-de-preco-e-aumenta-competitividade-ante-outras-proteinas","status":"publish","type":"post","link":"https:\/\/agromt.news\/?p=8378","title":{"rendered":"Carne su\u00edna tem queda de pre\u00e7o e aumenta competitividade ante outras prote\u00ednas"},"content":{"rendered":"<p> <br \/>\n<br \/><img decoding=\"async\" src=\"https:\/\/agromt.news\/wp-content\/uploads\/2025\/01\/Carne-suina-tem-queda-de-preco-e-aumenta-competitividade-ante.jpg\" \/><\/p>\n<div>\n<p>A carne su\u00edna registra desvaloriza\u00e7\u00e3o de 14,1% na parcial de janeiro ante dezembro no atacado da Grande S\u00e3o Paulo, segundo o Centro de Estudos Avan\u00e7ados em Economia Aplicada <strong><a href=\"http:\/\/www.canalrural.com.br\/tag\/cepea\/\">(Cepea)<\/a><\/strong>, da Esalq\/USP. <\/p>\n<p>Com os pre\u00e7os pressionados pela oferta superior \u00e0 demanda, a carca\u00e7a especial su\u00edna foi comercializada a uma m\u00e9dia de R$ 12,09\/kg na parcial do dia 21. Esse movimento aumentou a competitividade da carne su\u00edna frente \u00e0s principais prote\u00ednas. <\/p>\n<p>Enquanto a carca\u00e7a casada bovina registrou leve queda de 0,3% em janeiro, comercializada a uma m\u00e9dia de R$ 23,42\/kg, o frango inteiro resfriado apresentou alta de 1%, para R$ 8,39\/kg no igual per\u00edodo.<\/p>\n<\/div>\n<div>\n<p>A diferen\u00e7a de pre\u00e7o entre a carca\u00e7a especial su\u00edna e o frango inteiro resfriado caiu 35,9% de dezembro para janeiro, para R$ 3,70\/kg, o que torna a carne su\u00edna mais acess\u00edvel aos consumidores. <\/p>\n<p>Em rela\u00e7\u00e3o \u00e0 carne bovina, a diferen\u00e7a entre os pre\u00e7os da carca\u00e7a su\u00edna e da carca\u00e7a casada bovina aumentou 20,2%, atingindo R$ 11,33\/kg, fortalecendo a competitividade da prote\u00edna su\u00edna. <\/p>\n<h2 class=\"wp-block-heading\" id=\"h-insumos-em-queda\"><strong>Insumos em queda<\/strong> <\/h2>\n<p>Os custos com insumos da cadeia produtiva de su\u00ednos recuaram na \u00faltima semana. Entre os dias 14 e 21 de janeiro, o farelo de soja caiu 0,9%, com a tonelada comercializada a R$ 1.973,57 na regi\u00e3o de Campinas (SP). <\/p>\n<p>O milho apresentou retra\u00e7\u00e3o de 0,9%, com o Indicador Esalq\/BM&amp;FBovespa a R$ 74,02\/saca de 60 kg.<\/p>\n<\/p><\/div>\n<p><br \/>\n<br \/><a href=\"https:\/\/www.canalrural.com.br\/aves-e-suinos\/carne-suina-tem-queda-de-preco-e-aumenta-competitividade-ante-outras-proteinas\/\">Source link <\/a><\/p>\n","protected":false},"excerpt":{"rendered":"<p>A carne su\u00edna registra desvaloriza\u00e7\u00e3o de 14,1% na parcial de janeiro ante dezembro no atacado da Grande S\u00e3o Paulo, segundo<\/p>\n","protected":false},"author":1,"featured_media":8379,"comment_status":"open","ping_status":"open","sticky":false,"template":"","format":"standard","meta":{"_monsterinsights_skip_tracking":false,"_monsterinsights_sitenote_active":false,"_monsterinsights_sitenote_note":"","_monsterinsights_sitenote_category":0,"_uf_show_specific_survey":0,"_uf_disable_surveys":false,"footnotes":""},"categories":[1],"tags":[],"class_list":["post-8378","post","type-post","status-publish","format-standard","has-post-thumbnail","hentry","category-news"],"_links":{"self":[{"href":"https:\/\/agromt.news\/index.php?rest_route=\/wp\/v2\/posts\/8378"}],"collection":[{"href":"https:\/\/agromt.news\/index.php?rest_route=\/wp\/v2\/posts"}],"about":[{"href":"https:\/\/agromt.news\/index.php?rest_route=\/wp\/v2\/types\/post"}],"author":[{"embeddable":true,"href":"https:\/\/agromt.news\/index.php?rest_route=\/wp\/v2\/users\/1"}],"replies":[{"embeddable":true,"href":"https:\/\/agromt.news\/index.php?rest_route=%2Fwp%2Fv2%2Fcomments&post=8378"}],"version-history":[{"count":0,"href":"https:\/\/agromt.news\/index.php?rest_route=\/wp\/v2\/posts\/8378\/revisions"}],"wp:featuredmedia":[{"embeddable":true,"href":"https:\/\/agromt.news\/index.php?rest_route=\/wp\/v2\/media\/8379"}],"wp:attachment":[{"href":"https:\/\/agromt.news\/index.php?rest_route=%2Fwp%2Fv2%2Fmedia&parent=8378"}],"wp:term":[{"taxonomy":"category","embeddable":true,"href":"https:\/\/agromt.news\/index.php?rest_route=%2Fwp%2Fv2%2Fcategories&post=8378"},{"taxonomy":"post_tag","embeddable":true,"href":"https:\/\/agromt.news\/index.php?rest_route=%2Fwp%2Fv2%2Ftags&post=8378"}],"curies":[{"name":"wp","href":"https:\/\/api.w.org\/{rel}","templated":true}]}}