{"id":8373,"date":"2025-01-22T17:52:40","date_gmt":"2025-01-22T21:52:40","guid":{"rendered":"https:\/\/agromt.news\/?p=8373"},"modified":"2025-01-22T17:52:40","modified_gmt":"2025-01-22T21:52:40","slug":"casa-civil-nega-debate-sobre-intervencao-artificial-para-reduzir-preco-dos-alimentos","status":"publish","type":"post","link":"https:\/\/agromt.news\/?p=8373","title":{"rendered":"Casa Civil nega debate sobre &#8216;interven\u00e7\u00e3o artificial&#8217; para reduzir pre\u00e7o dos alimentos"},"content":{"rendered":"<p> <br \/>\n<\/p>\n<div>\n<p>A Casa Civil negou que esteja em discuss\u00e3o uma \u201cinterven\u00e7\u00e3o de forma artificial\u201d para reduzir os pre\u00e7os dos alimentos. O posicionamento ocorreu ap\u00f3s o chefe da pasta, Rui Costa, ter falado que ter\u00e1 conversas com minist\u00e9rios \u201cpara buscar conjunto de interven\u00e7\u00f5es que sinalizem para o barateamento dos alimentos\u201d.<\/p>\n<p>\u201cA Casa Civil informa que n\u00e3o est\u00e1 em discuss\u00e3o interven\u00e7\u00e3o de forma artificial para reduzir pre\u00e7o dos alimentos. O governo ir\u00e1 discutir com os minist\u00e9rios e produtores de alimentos as medidas que poder\u00e3o ser implementadas\u201d, afirmou a assessoria. <\/p>\n<p>De acordo com a pasta, ainda n\u00e3o \u00e9 poss\u00edvel avan\u00e7ar no detalhamento de tais medidas antes da realiza\u00e7\u00e3o das reuni\u00f5es que ir\u00e3o tratar do assunto.<\/p>\n<p>Nesta quarta-feira (22), Costa <strong><a href=\"https:\/\/www.canalrural.com.br\/politica\/governo-podera-intervir-nos-precos-dos-alimentos-diz-rui-costa\/\">participou de entrevista ao programa Bom Dia, Ministro<\/a><\/strong>, do CanalGov, ve\u00edculo institucional do governo federal, e disse que teria conversas com os minist\u00e9rios da Agricultura, do Desenvolvimento Agr\u00e1rio e da Fazenda \u201cpara buscar conjunto de interven\u00e7\u00f5es que sinalizem para o barateamento dos alimentos\u201d.<\/p>\n<p>\u201cA princ\u00edpio, n\u00f3s vamos fazer algumas reuni\u00f5es com o ministro da Agricultura, ministro do Desenvolvimento Rural, que pega as pequenas propriedades, o MDA, e o Minist\u00e9rio da Fazenda para a gente buscar conjunto de interven\u00e7\u00f5es que sinalizem para o barateamento dos alimentos\u201d, disse Rui Costa na ocasi\u00e3o.<\/p>\n<h2 class=\"wp-block-heading\" id=\"h-repercussao-negativa\">Repercuss\u00e3o negativa<\/h2>\n<figure class=\"wp-block-image size-large\"><img fetchpriority=\"high\" decoding=\"async\" width=\"1024\" height=\"683\" alt=\"Rui Costa\" class=\"wp-image-225946\"  data-lazy- src=\"https:\/\/agromt.news\/wp-content\/uploads\/2025\/01\/Casa-Civil-nega-debate-sobre-intervencao-artificial-para-reduzir-preco.jpg\"\/><img decoding=\"async\" width=\"1024\" height=\"683\" src=\"https:\/\/agromt.news\/wp-content\/uploads\/2025\/01\/Casa-Civil-nega-debate-sobre-intervencao-artificial-para-reduzir-preco.jpg\" alt=\"Rui Costa\" class=\"wp-image-225946\"  \/><figcaption class=\"wp-element-caption\">Rui Costa | Foto: Valter Campanato\/Ag\u00eancia Brasil<\/figcaption><\/figure>\n<p>A fala do ministro gerou repercuss\u00e3o e questionamentos sobre que tipo de interven\u00e7\u00e3o deve ser tomada. Por\u00e9m, o governo nega tal a\u00e7\u00e3o e admite que o ministro usou a palavra de forma inadequada.<\/p>\n<\/div>\n<div>\n<p>Ap\u00f3s a entrevista, a Casa Civil divulgou uma nota com os principais pontos da entrevista. Na publica\u00e7\u00e3o, por\u00e9m, o minist\u00e9rio altera a fala do ministro, substituindo o termo \u201cinterven\u00e7\u00f5es\u201d por \u201ca\u00e7\u00f5es\u201d. <\/p>\n<p>\u201cVamos fazer algumas reuni\u00f5es, com os minist\u00e9rios da Agricultura, do Desenvolvimento Agr\u00e1rio, da Fazenda, para buscar um conjunto de a\u00e7\u00f5es que sinalizem para o barateamento dos alimentos\u201d, diz a publica\u00e7\u00e3o, em refer\u00eancia ao que o ministro teria falado.<\/p>\n<h2 class=\"wp-block-heading\" id=\"h-cobranca-por-reducao-de-preco-dos-alimentos\">Cobran\u00e7a por redu\u00e7\u00e3o de pre\u00e7o dos alimentos<\/h2>\n<p>Durante reuni\u00e3o ministerial de segunda-feira (20), o presidente Lula cobrou os ministros da Agricultura, Carlos F\u00e1varo, e do Desenvolvimento Agr\u00e1rio, Paulo Teixeira, pela redu\u00e7\u00e3o no pre\u00e7o dos alimentos. <\/p>\n<p>Segundo integrantes que participaram do encontro, Teixeira respondeu \u00e0 cobran\u00e7a do chefe do Executivo dizendo que o Minist\u00e9rio da Agricultura, o MDA, o Minist\u00e9rio do Desenvolvimento Social e o Minist\u00e9rio da Fazenda t\u00eam um grupo para discutir a alta do pre\u00e7o dos alimentos. <\/p>\n<p>De acordo com o ministro, at\u00e9 o fim do ano, deve ser feito um parecer sobre o tema e proposta uma solu\u00e7\u00e3o. Lula, por\u00e9m, n\u00e3o se contentou com a resposta e disse que o governo precisa pensar em uma resposta imediata e resolver logo a situa\u00e7\u00e3o.<\/p>\n<p>A cobran\u00e7a do presidente ocorre em meio \u00e0 infla\u00e7\u00e3o resistente dos alimentos, observada em 2024 e que deve persistir neste ano. Carnes, a\u00e7\u00facar e caf\u00e9 devem pressionar a infla\u00e7\u00e3o dos alimentos, enquanto a maior safra de gr\u00e3os pode aliviar o movimento inflacion\u00e1rio.<\/p>\n<\/p><\/div>\n<p><br \/>\n<br \/><a href=\"https:\/\/www.canalrural.com.br\/politica\/casa-civil-nega-debate-sobre-intervencao-artificial-para-reduzir-preco-dos-alimentos\/\">Source link <\/a><\/p>\n","protected":false},"excerpt":{"rendered":"<p>A Casa Civil negou que esteja em discuss\u00e3o uma \u201cinterven\u00e7\u00e3o de forma artificial\u201d para reduzir os pre\u00e7os dos alimentos. O<\/p>\n","protected":false},"author":1,"featured_media":8374,"comment_status":"open","ping_status":"open","sticky":false,"template":"","format":"standard","meta":{"_monsterinsights_skip_tracking":false,"_monsterinsights_sitenote_active":false,"_monsterinsights_sitenote_note":"","_monsterinsights_sitenote_category":0,"_uf_show_specific_survey":0,"_uf_disable_surveys":false,"footnotes":""},"categories":[1],"tags":[],"class_list":["post-8373","post","type-post","status-publish","format-standard","has-post-thumbnail","hentry","category-news"],"_links":{"self":[{"href":"https:\/\/agromt.news\/index.php?rest_route=\/wp\/v2\/posts\/8373"}],"collection":[{"href":"https:\/\/agromt.news\/index.php?rest_route=\/wp\/v2\/posts"}],"about":[{"href":"https:\/\/agromt.news\/index.php?rest_route=\/wp\/v2\/types\/post"}],"author":[{"embeddable":true,"href":"https:\/\/agromt.news\/index.php?rest_route=\/wp\/v2\/users\/1"}],"replies":[{"embeddable":true,"href":"https:\/\/agromt.news\/index.php?rest_route=%2Fwp%2Fv2%2Fcomments&post=8373"}],"version-history":[{"count":0,"href":"https:\/\/agromt.news\/index.php?rest_route=\/wp\/v2\/posts\/8373\/revisions"}],"wp:featuredmedia":[{"embeddable":true,"href":"https:\/\/agromt.news\/index.php?rest_route=\/wp\/v2\/media\/8374"}],"wp:attachment":[{"href":"https:\/\/agromt.news\/index.php?rest_route=%2Fwp%2Fv2%2Fmedia&parent=8373"}],"wp:term":[{"taxonomy":"category","embeddable":true,"href":"https:\/\/agromt.news\/index.php?rest_route=%2Fwp%2Fv2%2Fcategories&post=8373"},{"taxonomy":"post_tag","embeddable":true,"href":"https:\/\/agromt.news\/index.php?rest_route=%2Fwp%2Fv2%2Ftags&post=8373"}],"curies":[{"name":"wp","href":"https:\/\/api.w.org\/{rel}","templated":true}]}}