{"id":837,"date":"2024-08-27T08:26:37","date_gmt":"2024-08-27T12:26:37","guid":{"rendered":"https:\/\/agromt.news\/?p=837"},"modified":"2024-08-27T08:26:37","modified_gmt":"2024-08-27T12:26:37","slug":"trigo-e-cevada-registram-queda-na-qualidade-devido-a-geadas-e-seca","status":"publish","type":"post","link":"https:\/\/agromt.news\/?p=837","title":{"rendered":"Trigo e cevada registram queda na qualidade devido a geadas e seca"},"content":{"rendered":"<p> <br \/>\n<\/p>\n<div>\n<div class=\"row\">\n<div class=\"col-lg col-infos mt-3 mt-lg-0\">\n<div class=\"section-sub-title\">\n<p itemprop=\"description\">\nA colheita de cevada come\u00e7ou de forma t\u00edmida\n<\/p>\n<\/div>\n<div class=\"container\">\n<div class=\"row\">\n<div class=\"col-lg p-0\">\n<div>\n<div class=\"block-news-main-infos mt-3 text-start\">\n<strong class=\"fn\" itemprop=\"author\" style=\"color: rgb(112, 112, 112); \"><br \/>\n<a href=\"https:\/\/www.agrolink.com.br\/noticias\/javascript:;\" class=\"text-uppercase\" target=\"_blank\" style=\"color: rgb(112, 112, 112); \" rel=\"noopener\">Agrolink<\/a><br \/>\n&#8211; Seane Lennon<br \/>\n<\/strong><br \/>\n<br \/>\n<abbr><time datetime=\"2024-08-23T15:18\" itemprop=\"datePublished dateModified\">Publicado em 23\/08\/2024 \u00e0s 15:18h.<\/time><\/abbr>\n<\/div>\n<\/div>\n<\/div>\n<div class=\"col-lg p-0 text-lg-end\">\n<div>\n<div id=\"mdEnviarPagina\" class=\"modal fade\" role=\"dialog\">\n<div class=\"modal-dialog\">\n<div class=\"modal-content\">\n<div class=\"modal-body\">\n<p><strong>Estimado usu\u00e1rio.<\/strong><br \/>Preencha o formul\u00e1rio abaixo para remeter a p\u00e1gina.<\/p>\n<\/div>\n<\/div>\n<\/div>\n<\/div>\n<\/div>\n<\/div>\n<\/div>\n<\/div>\n<\/div>\n<\/div>\n<div class=\"row justify-content-md-center mt-3\">\n<div class=\"col-lg-auto col-image  block-news-main-image d-none d-md-block\">\n<img decoding=\"async\" src=\"https:\/\/www.agrolink.com.br\/upload\/imagens-resizes\/d3c4b80b5173412ead09582107ceabd6_858x483.jpg\" class=\"lazyload\"\/><br \/>\n<span class=\"publicity-photo d-block mt-1\">Foto: Pixabay<\/span>\n<\/div>\n<\/div>\n<div class=\"section-description section-description-noticias mt-3\">\n<p style=\"text-align:justify\">O novo relat\u00f3rio de Condi\u00e7\u00f5es de Tempo e Cultivo,\u00a0trouxe atualiza\u00e7\u00f5es preocupantes sobre o impacto das geadas e da estiagem nas lavouras do estado.\u00a0As lavouras de <a href=\"https:\/\/www.agrolink.com.br\/culturas\/trigo\/?utm_source=agrolink-detalhe-noticia&amp;utm_medium=detalhe-noticia&amp;utm_campaign=links-internos\" target=\"_blank\" rel=\"noopener\">trigo<\/a> em condi\u00e7\u00f5es ruins aumentaram de 16% para 19%, enquanto as que est\u00e3o em condi\u00e7\u00f5es m\u00e9dias passaram de 21% para 25% da \u00e1rea cultivada. Com isso, as lavouras em boas condi\u00e7\u00f5es agora representam 56% da \u00e1rea total, uma queda de 7 pontos percentuais em rela\u00e7\u00e3o \u00e0 semana anterior, o que equivale a aproximadamente 70 mil hectares reclassificados. Grande parte dessa deteriora\u00e7\u00e3o se deve \u00e0s geadas que atingiram o Sudoeste do estado, mas a estiagem em outras regi\u00f5es tamb\u00e9m contribuiu para a piora, ainda que de forma menos expressiva. At\u00e9 o momento, apenas 3% da \u00e1rea plantada foi colhida, com baixas produtividades em fun\u00e7\u00e3o dos danos causados pela seca, que continua a afetar as lavouras plantadas mais precocemente, conforme as informa\u00e7\u00f5es\u00a0divulgadas no\u00a0Boletim de Conjuntura Agropecu\u00e1ria referente \u00e0 semana de 16 a 22 de agosto, elaborado pelo Departamento de Economia Rural (Deral) da Secretaria de Estado da Agricultura e do Abastecimento (Seab).\n<\/p>\n<p style=\"text-align:justify\">De acordo com o boletim, os n\u00fameros de safra, que ser\u00e3o atualizados no dia 29 deste m\u00eas, devem oferecer uma vis\u00e3o mais clara das perdas provocadas pela estiagem. No entanto, os danos causados pela geada de 13 de agosto ainda n\u00e3o est\u00e3o totalmente refletidos nos dados atuais. A preocupa\u00e7\u00e3o aumenta com a previs\u00e3o de uma nova frente fria que pode impactar novamente as lavouras de trigo no estado.\n<\/p>\n<p style=\"text-align:justify\">Segundo Boletim de Conjuntura Agropecu\u00e1ria, a cultura da cevada tamb\u00e9m sofreu pioras, especialmente nos Campos Gerais, onde a seca foi o principal fator de deteriora\u00e7\u00e3o. As lavouras em boas condi\u00e7\u00f5es ca\u00edram de 84% para 77% da \u00e1rea total. A colheita de cevada come\u00e7ou de forma t\u00edmida, e as produtividades iniciais indicam que os resultados poderiam ter sido melhores se o regime de chuvas tivesse sido mais regular.\n<\/p>\n<\/div>\n<\/div>\n<p><script data-cfasync=\"false\">\n    !function (f, b, e, v, n, t, s) {\n        if (f.fbq) return; n = f.fbq = function () {\n            n.callMethod ?\n                n.callMethod.apply(n, arguments) : n.queue.push(arguments)\n        };\n        if (!f._fbq) f._fbq = n; n.push = n; n.loaded = !0; n.version = '2.0';\n        n.queue = []; t = b.createElement(e); t.async = !0;\n        t.src = v; s = b.getElementsByTagName(e)[0];\n        s.parentNode.insertBefore(t, s)\n    }(window, document, 'script',\n        'https:\/\/connect.facebook.net\/en_US\/fbevents.js');\n    fbq('init', '522546078623747');\n    fbq('track', 'PageView');\n<\/script><br \/>\n<br \/><br \/>\n<br \/><a href=\"https:\/\/www.agrolink.com.br\/noticias\/trigo-e-cevada-registram-queda-na-qualidade-devido-a-geadas-e-seca_494297.html\">Source link <\/a><\/p>\n","protected":false},"excerpt":{"rendered":"<p>A colheita de cevada come\u00e7ou de forma t\u00edmida Agrolink &#8211; Seane Lennon Publicado em 23\/08\/2024 \u00e0s 15:18h. Estimado usu\u00e1rio.Preencha o<\/p>\n","protected":false},"author":1,"featured_media":838,"comment_status":"open","ping_status":"open","sticky":false,"template":"","format":"standard","meta":{"_monsterinsights_skip_tracking":false,"_monsterinsights_sitenote_active":false,"_monsterinsights_sitenote_note":"","_monsterinsights_sitenote_category":0,"_uf_show_specific_survey":0,"_uf_disable_surveys":false,"footnotes":""},"categories":[8,1,14],"tags":[],"class_list":["post-837","post","type-post","status-publish","format-standard","has-post-thumbnail","hentry","category-agro","category-news","category-politica-agro"],"_links":{"self":[{"href":"https:\/\/agromt.news\/index.php?rest_route=\/wp\/v2\/posts\/837"}],"collection":[{"href":"https:\/\/agromt.news\/index.php?rest_route=\/wp\/v2\/posts"}],"about":[{"href":"https:\/\/agromt.news\/index.php?rest_route=\/wp\/v2\/types\/post"}],"author":[{"embeddable":true,"href":"https:\/\/agromt.news\/index.php?rest_route=\/wp\/v2\/users\/1"}],"replies":[{"embeddable":true,"href":"https:\/\/agromt.news\/index.php?rest_route=%2Fwp%2Fv2%2Fcomments&post=837"}],"version-history":[{"count":0,"href":"https:\/\/agromt.news\/index.php?rest_route=\/wp\/v2\/posts\/837\/revisions"}],"wp:featuredmedia":[{"embeddable":true,"href":"https:\/\/agromt.news\/index.php?rest_route=\/wp\/v2\/media\/838"}],"wp:attachment":[{"href":"https:\/\/agromt.news\/index.php?rest_route=%2Fwp%2Fv2%2Fmedia&parent=837"}],"wp:term":[{"taxonomy":"category","embeddable":true,"href":"https:\/\/agromt.news\/index.php?rest_route=%2Fwp%2Fv2%2Fcategories&post=837"},{"taxonomy":"post_tag","embeddable":true,"href":"https:\/\/agromt.news\/index.php?rest_route=%2Fwp%2Fv2%2Ftags&post=837"}],"curies":[{"name":"wp","href":"https:\/\/api.w.org\/{rel}","templated":true}]}}