{"id":8363,"date":"2025-01-22T15:13:50","date_gmt":"2025-01-22T19:13:50","guid":{"rendered":"https:\/\/agromt.news\/?p=8363"},"modified":"2025-01-22T15:13:50","modified_gmt":"2025-01-22T19:13:50","slug":"de-cafe-da-manha-especial-a-debates-saiba-como-se-inscrever","status":"publish","type":"post","link":"https:\/\/agromt.news\/?p=8363","title":{"rendered":"De caf\u00e9 da manh\u00e3 especial a debates; saiba como se inscrever"},"content":{"rendered":"<p> <br \/>\n<br \/><img decoding=\"async\" src=\"https:\/\/agromt.news\/wp-content\/uploads\/2025\/01\/De-cafe-da-manha-especial-a-debates-saiba-como-se.png\" \/><\/p>\n<div>\n<p>Est\u00e1 chegando a <a href=\"https:\/\/www.canalrural.com.br\/agricultura\/projeto-soja-brasil\/no-coracao-de-mt-a-abertura-nacional-da-colheita-da-soja\/\">Abertura Nacional da Colheita da Soja Safra 24\/25! <\/a>O evento ocorrer\u00e1 no dia 7 de fevereiro, em Santa Carmen (MT), regi\u00e3o de Sinop, na Fazenda Esperan\u00e7a. O encontro com produtores e especialistas do setor come\u00e7ar\u00e1 com um caf\u00e9 da manh\u00e3 especial \u00e0s 8h30 (hor\u00e1rio de Bras\u00edlia), com almo\u00e7o, debates e show. Para se inscrever, acesse o <a href=\"https:\/\/docs.google.com\/forms\/d\/e\/1FAIpQLSe-IHoR9Jp94zOo9c64NvQ8oxD6hfe5DleaI9SmEZOPcR1VkQ\/viewform?usp=sf_link\">link<\/a>. <\/p>\n<figure class=\"wp-block-embed is-type-video is-provider-youtube wp-block-embed-youtube wp-embed-aspect-16-9 wp-has-aspect-ratio\">\n<p>\n<iframe title=\"Abertura nacional da colheita da soja safra 24\/25 vem a\u00ed\" width=\"800\" height=\"450\" src=\"https:\/\/www.youtube.com\/embed\/TBYtmctTny4?feature=oembed\" frameborder=\"0\" allow=\"accelerometer; autoplay; clipboard-write; encrypted-media; gyroscope; picture-in-picture; web-share\" referrerpolicy=\"strict-origin-when-cross-origin\" allowfullscreen><\/iframe><noscript><iframe title=\"Abertura nacional da colheita da soja safra 24\/25 vem a\u00ed\" width=\"800\" height=\"450\" src=\"https:\/\/www.youtube.com\/embed\/TBYtmctTny4?feature=oembed\" frameborder=\"0\" allow=\"accelerometer; autoplay; clipboard-write; encrypted-media; gyroscope; picture-in-picture; web-share\" referrerpolicy=\"strict-origin-when-cross-origin\" allowfullscreen><\/iframe><\/noscript>\n<\/p>\n<\/figure>\n<p>Al\u00e9m das m\u00e1quinas em campo, haver\u00e1 debates com especialistas sobre sustentabilidade, COP 30, biodiesel e a produ\u00e7\u00e3o de alimentos. Nossa equipe conversou com o governador de Mato Grosso, estado que sediar\u00e1 o evento. A soja \u00e9 o principal produto das exporta\u00e7\u00f5es brasileiras, e desde os anos 90, Mato Grosso tem se destacado na produ\u00e7\u00e3o nacional, impulsionado por avan\u00e7os tecnol\u00f3gicos e alta demanda.<\/p>\n<\/div>\n<div>\n<p>O governador Mauro Mendes destacou os investimentos essenciais do governo estadual em infraestrutura, como quase 5.000 km de rodovias asfaltadas, que garantem melhor escoamento, log\u00edstica e qualidade de vida para os mato-grossenses. Esses investimentos s\u00e3o fundamentais para o crescimento da produ\u00e7\u00e3o de soja e do agroneg\u00f3cio no estado.<\/p>\n<p>Anote na agenda: dia 7 de fevereiro, a partir das 8h30 (hor\u00e1rio de Bras\u00edlia), com caf\u00e9 da manh\u00e3, transmiss\u00e3o ao vivo pelo Canal Rural e redes sociais do Soja Brasil. Tamb\u00e9m teremos um almo\u00e7o especial e show para celebrar a largada das m\u00e1quinas e os 20 anos da Aprosoja Mato Grosso. N\u00e3o perca esse grande evento e uma safra com muitas informa\u00e7\u00f5es!<\/p>\n<\/p><\/div>\n<p><br \/>\n<br \/><a href=\"https:\/\/www.canalrural.com.br\/agricultura\/de-cafe-da-manha-especial-a-debates-saiba-como-se-inscrever\/\">Source link <\/a><\/p>\n","protected":false},"excerpt":{"rendered":"<p>Est\u00e1 chegando a Abertura Nacional da Colheita da Soja Safra 24\/25! O evento ocorrer\u00e1 no dia 7 de fevereiro, em<\/p>\n","protected":false},"author":1,"featured_media":8364,"comment_status":"open","ping_status":"open","sticky":false,"template":"","format":"standard","meta":{"_monsterinsights_skip_tracking":false,"_monsterinsights_sitenote_active":false,"_monsterinsights_sitenote_note":"","_monsterinsights_sitenote_category":0,"_uf_show_specific_survey":0,"_uf_disable_surveys":false,"footnotes":""},"categories":[1],"tags":[],"class_list":["post-8363","post","type-post","status-publish","format-standard","has-post-thumbnail","hentry","category-news"],"_links":{"self":[{"href":"https:\/\/agromt.news\/index.php?rest_route=\/wp\/v2\/posts\/8363"}],"collection":[{"href":"https:\/\/agromt.news\/index.php?rest_route=\/wp\/v2\/posts"}],"about":[{"href":"https:\/\/agromt.news\/index.php?rest_route=\/wp\/v2\/types\/post"}],"author":[{"embeddable":true,"href":"https:\/\/agromt.news\/index.php?rest_route=\/wp\/v2\/users\/1"}],"replies":[{"embeddable":true,"href":"https:\/\/agromt.news\/index.php?rest_route=%2Fwp%2Fv2%2Fcomments&post=8363"}],"version-history":[{"count":0,"href":"https:\/\/agromt.news\/index.php?rest_route=\/wp\/v2\/posts\/8363\/revisions"}],"wp:featuredmedia":[{"embeddable":true,"href":"https:\/\/agromt.news\/index.php?rest_route=\/wp\/v2\/media\/8364"}],"wp:attachment":[{"href":"https:\/\/agromt.news\/index.php?rest_route=%2Fwp%2Fv2%2Fmedia&parent=8363"}],"wp:term":[{"taxonomy":"category","embeddable":true,"href":"https:\/\/agromt.news\/index.php?rest_route=%2Fwp%2Fv2%2Fcategories&post=8363"},{"taxonomy":"post_tag","embeddable":true,"href":"https:\/\/agromt.news\/index.php?rest_route=%2Fwp%2Fv2%2Ftags&post=8363"}],"curies":[{"name":"wp","href":"https:\/\/api.w.org\/{rel}","templated":true}]}}