{"id":8353,"date":"2025-01-22T11:05:41","date_gmt":"2025-01-22T15:05:41","guid":{"rendered":"https:\/\/agromt.news\/?p=8353"},"modified":"2025-01-22T11:05:41","modified_gmt":"2025-01-22T15:05:41","slug":"qual-e-o-estado-mais-quente-do-brasil-em-2025","status":"publish","type":"post","link":"https:\/\/agromt.news\/?p=8353","title":{"rendered":"Qual \u00e9 o estado mais quente do Brasil em 2025?"},"content":{"rendered":"<p> <br \/>\n<br \/><img decoding=\"async\" src=\"https:\/\/agromt.news\/wp-content\/uploads\/2025\/01\/Qual-e-o-estado-mais-quente-do-Brasil-em-2025.jpg\" \/><\/p>\n<div>\n<p>Neste in\u00edcio de ano, a impress\u00e3o de boa parte dos brasileiros \u00e9 que eles est\u00e3o vivendo no lugar mais quente do pa\u00eds, j\u00e1 que os term\u00f4metros t\u00eam mostrado \u00edndices altos por todo lado. Mas o estado que mais tem sentido o calor \u00e9 o <strong>Rio de Janeiro<\/strong>, que lidera o ranking das temperaturas mais altas do Brasil em 2025. <\/p>\n<p>Nesta ter\u00e7a-feira (21) a capital fluminense igualou seu recorde de maior temperatura do ano, com 38,7 \u00b0C, valor tamb\u00e9m registrado na segunda-feira (20). <\/p>\n<p>Al\u00e9m disso, outras cidades do Rio de Janeiro tamb\u00e9m se destacaram nessa realidade, consolidando o estado como o mais quente do pa\u00eds neste in\u00edcio de ver\u00e3o.<\/p>\n<h2 class=\"wp-block-heading\" id=\"h-rio-de-janeiro-domina-ranking-das-cidades-mais-quentes\"><strong>Rio de Janeiro domina ranking das cidades mais quentes<\/strong><\/h2>\n<p>Segundo o Instituto Nacional de Meteorologia <strong><a href=\"http:\/\/www.canalrural.com.br\/tag\/inmet\/\">(Inmet)<\/a><\/strong>, algumas das maiores temperaturas registradas no Brasil at\u00e9 as 17h desta ter\u00e7a-feira ocorreram, em sua maioria, no estado do Rio de Janeiro. <\/p>\n<p><strong>Serop\u00e9dica<\/strong>, com impressionantes 39,7 \u00b0C, marcou o recorde de calor do ano e do ver\u00e3o 2024\/25 por enquanto<\/p>\n<\/div>\n<div>\n<p><strong>Duque de Caxias<\/strong>, <strong>Cambuci <\/strong>e <strong>Niter\u00f3i <\/strong>dividiram a segunda posi\u00e7\u00e3o, com 39,5 \u00b0C, tamb\u00e9m estabelecendo m\u00e1ximas para o per\u00edodo. Outras cidades fluminenses, como <strong>Silva Jardim <\/strong>(38,8\u00b0C), reafirmaram o dom\u00ednio do estado no ranking. <\/p>\n<p>Fora do territ\u00f3rio fluminense, mas ainda no Sudeste, as cidades de <strong>Coronel Pacheco<\/strong>, em Minas Gerais (38,9 \u00b0C), e <strong>Maril\u00e2ndia<\/strong>, no Esp\u00edrito Santo (38,8 \u00b0C), figuram entre as mais quentes.<\/p>\n<p>Na segunda-feira, o calor j\u00e1 havia sido destaque no RJ, com Niter\u00f3i registrando 38,9 \u00b0C, seguida por Cambuci e Silva Jardim, com 38,4 \u00b0C, e Campos dos Goytacazes, com 37,6 \u00b0C.<\/p>\n<h2 class=\"wp-block-heading\" id=\"h-previsao-calor-e-temporais-no-horizonte\"><strong>Previs\u00e3o: calor e temporais no horizonte<\/strong><\/h2>\n<p>A previs\u00e3o para os pr\u00f3ximos dias no estado do Rio de Janeiro indica continuidade das altas temperaturas. De acordo com a Climatempo, as m\u00e1ximas previstas para a capital s\u00e3o:<\/p>\n<ul class=\"wp-block-list\">\n<li>Quarta-feira (22): 37 \u00b0C<\/li>\n<li>Quinta-feira (23): 34 \u00b0C<\/li>\n<li>Sexta-feira (24): 33 \u00b0C<\/li>\n<li>S\u00e1bado (25): 37 \u00b0C<\/li>\n<li>Domingo (26): 34 \u00b0C<\/li>\n<\/ul>\n<p>Al\u00e9m disso, o aumento das chuvas, com alerta para temporais na faixa norte do estado, deve marcar o restante da semana.<\/p>\n<\/p><\/div>\n<p><br \/>\n<br \/><a href=\"https:\/\/www.canalrural.com.br\/tempo\/qual-e-o-estado-mais-quente-do-brasil-em-2025\/\">Source link <\/a><\/p>\n","protected":false},"excerpt":{"rendered":"<p>Neste in\u00edcio de ano, a impress\u00e3o de boa parte dos brasileiros \u00e9 que eles est\u00e3o vivendo no lugar mais quente<\/p>\n","protected":false},"author":1,"featured_media":8354,"comment_status":"open","ping_status":"open","sticky":false,"template":"","format":"standard","meta":{"_monsterinsights_skip_tracking":false,"_monsterinsights_sitenote_active":false,"_monsterinsights_sitenote_note":"","_monsterinsights_sitenote_category":0,"_uf_show_specific_survey":0,"_uf_disable_surveys":false,"footnotes":""},"categories":[1],"tags":[],"class_list":["post-8353","post","type-post","status-publish","format-standard","has-post-thumbnail","hentry","category-news"],"_links":{"self":[{"href":"https:\/\/agromt.news\/index.php?rest_route=\/wp\/v2\/posts\/8353"}],"collection":[{"href":"https:\/\/agromt.news\/index.php?rest_route=\/wp\/v2\/posts"}],"about":[{"href":"https:\/\/agromt.news\/index.php?rest_route=\/wp\/v2\/types\/post"}],"author":[{"embeddable":true,"href":"https:\/\/agromt.news\/index.php?rest_route=\/wp\/v2\/users\/1"}],"replies":[{"embeddable":true,"href":"https:\/\/agromt.news\/index.php?rest_route=%2Fwp%2Fv2%2Fcomments&post=8353"}],"version-history":[{"count":0,"href":"https:\/\/agromt.news\/index.php?rest_route=\/wp\/v2\/posts\/8353\/revisions"}],"wp:featuredmedia":[{"embeddable":true,"href":"https:\/\/agromt.news\/index.php?rest_route=\/wp\/v2\/media\/8354"}],"wp:attachment":[{"href":"https:\/\/agromt.news\/index.php?rest_route=%2Fwp%2Fv2%2Fmedia&parent=8353"}],"wp:term":[{"taxonomy":"category","embeddable":true,"href":"https:\/\/agromt.news\/index.php?rest_route=%2Fwp%2Fv2%2Fcategories&post=8353"},{"taxonomy":"post_tag","embeddable":true,"href":"https:\/\/agromt.news\/index.php?rest_route=%2Fwp%2Fv2%2Ftags&post=8353"}],"curies":[{"name":"wp","href":"https:\/\/api.w.org\/{rel}","templated":true}]}}