{"id":8351,"date":"2025-01-22T10:47:27","date_gmt":"2025-01-22T14:47:27","guid":{"rendered":"https:\/\/agromt.news\/?p=8351"},"modified":"2025-01-22T10:47:27","modified_gmt":"2025-01-22T14:47:27","slug":"confira-as-estimativas-de-exportacoes-de-soja-para-2025","status":"publish","type":"post","link":"https:\/\/agromt.news\/?p=8351","title":{"rendered":"confira as estimativas de exporta\u00e7\u00f5es de soja para 2025"},"content":{"rendered":"<p> <br \/>\n<br \/><img decoding=\"async\" src=\"https:\/\/agromt.news\/wp-content\/uploads\/2025\/01\/confira-as-estimativas-de-exportacoes-de-soja-para-2025.png\" \/><\/p>\n<div>\n<p>A Associa\u00e7\u00e3o Brasileira das Ind\u00fastrias de \u00d3leos Vegetais (<a href=\"https:\/\/abiove.org.br\/\">Abiove<\/a>) revisou as estimativas de <a href=\"https:\/\/www.canalrural.com.br\/agricultura\/projeto-soja-brasil\/\">safra <\/a>e exporta\u00e7\u00f5es de soja para o Brasil em 2025. A nova proje\u00e7\u00e3o indica que a produ\u00e7\u00e3o no pa\u00eds ultrapassar\u00e1 os 171 milh\u00f5es de toneladas, o que representa um aumento de 11% em rela\u00e7\u00e3o \u00e0 temporada anterior. Caso esse volume se concretize, o Brasil atingir\u00e1 um novo recorde no mercado internacional.<\/p>\n<figure class=\"wp-block-embed is-type-video is-provider-youtube wp-block-embed-youtube wp-embed-aspect-16-9 wp-has-aspect-ratio\">\n<p>\n<iframe title=\"An\u00e1lise de mercado | Exporta\u00e7\u00f5es de soja devem crescer 8% em 2025\" width=\"800\" height=\"450\" src=\"https:\/\/www.youtube.com\/embed\/6aa49cl5ZX4?feature=oembed\" frameborder=\"0\" allow=\"accelerometer; autoplay; clipboard-write; encrypted-media; gyroscope; picture-in-picture; web-share\" referrerpolicy=\"strict-origin-when-cross-origin\" allowfullscreen><\/iframe><noscript><iframe title=\"An\u00e1lise de mercado | Exporta\u00e7\u00f5es de soja devem crescer 8% em 2025\" width=\"800\" height=\"450\" src=\"https:\/\/www.youtube.com\/embed\/6aa49cl5ZX4?feature=oembed\" frameborder=\"0\" allow=\"accelerometer; autoplay; clipboard-write; encrypted-media; gyroscope; picture-in-picture; web-share\" referrerpolicy=\"strict-origin-when-cross-origin\" allowfullscreen><\/iframe><\/noscript>\n<\/p>\n<\/figure>\n<p>Rafael Silveira, analista da <a href=\"https:\/\/safras.com.br\/\">Safras &amp; Mercado<\/a>, destacou que a demanda global por \u00f3leo de soja tem apresentado uma tend\u00eancia de crescimento, principalmente devido \u00e0 sua utiliza\u00e7\u00e3o em combust\u00edveis renov\u00e1veis. \u201cO \u00f3leo de soja \u00e9 uma mat\u00e9ria-prima essencial para a produ\u00e7\u00e3o de biodiesel, o que impulsiona tanto a demanda por ele quanto pelos seus derivados, como o farelo de soja\u201d, explicou Silveira.<\/p>\n<\/div>\n<div>\n<p>Com o aumento da produ\u00e7\u00e3o de \u00f3leo de soja, o farelo de soja, um subproduto para a alimenta\u00e7\u00e3o animal, tamb\u00e9m experimentar\u00e1 uma alta na sua produ\u00e7\u00e3o. Embora a demanda por farelo no Brasil n\u00e3o seja equivalente \u00e0 de \u00f3leo, ela cresce devido ao consumo no setor agropecu\u00e1rio. A expans\u00e3o da produ\u00e7\u00e3o de \u00f3leo acaba resultando em uma oferta maior de farelo, o que, por sua vez, deve gerar uma press\u00e3o para a queda de pre\u00e7os deste produto no mercado.<\/p>\n<p>Silveira apontou que a expectativa de aumento na produ\u00e7\u00e3o e no processamento para a produ\u00e7\u00e3o de \u00f3leo tamb\u00e9m refletir\u00e1 em pre\u00e7os mais baixos para o farelo de soja, favorecendo o mercado interno. \u201cO crescimento da demanda por \u00f3leo no cen\u00e1rio global impulsiona diretamente a produ\u00e7\u00e3o de farelo, o que deve resultar em um cen\u00e1rio de pre\u00e7os mais competitivos\u201d, concluiu.<\/p>\n<\/p><\/div>\n<p><br \/>\n<br \/><a href=\"https:\/\/www.canalrural.com.br\/agricultura\/projeto-soja-brasil\/brasil-confira-as-estimativas-de-exportacoes-de-soja-para-2025\/\">Source link <\/a><\/p>\n","protected":false},"excerpt":{"rendered":"<p>A Associa\u00e7\u00e3o Brasileira das Ind\u00fastrias de \u00d3leos Vegetais (Abiove) revisou as estimativas de safra e exporta\u00e7\u00f5es de soja para o<\/p>\n","protected":false},"author":1,"featured_media":8352,"comment_status":"open","ping_status":"open","sticky":false,"template":"","format":"standard","meta":{"_monsterinsights_skip_tracking":false,"_monsterinsights_sitenote_active":false,"_monsterinsights_sitenote_note":"","_monsterinsights_sitenote_category":0,"_uf_show_specific_survey":0,"_uf_disable_surveys":false,"footnotes":""},"categories":[1],"tags":[],"class_list":["post-8351","post","type-post","status-publish","format-standard","has-post-thumbnail","hentry","category-news"],"_links":{"self":[{"href":"https:\/\/agromt.news\/index.php?rest_route=\/wp\/v2\/posts\/8351"}],"collection":[{"href":"https:\/\/agromt.news\/index.php?rest_route=\/wp\/v2\/posts"}],"about":[{"href":"https:\/\/agromt.news\/index.php?rest_route=\/wp\/v2\/types\/post"}],"author":[{"embeddable":true,"href":"https:\/\/agromt.news\/index.php?rest_route=\/wp\/v2\/users\/1"}],"replies":[{"embeddable":true,"href":"https:\/\/agromt.news\/index.php?rest_route=%2Fwp%2Fv2%2Fcomments&post=8351"}],"version-history":[{"count":0,"href":"https:\/\/agromt.news\/index.php?rest_route=\/wp\/v2\/posts\/8351\/revisions"}],"wp:featuredmedia":[{"embeddable":true,"href":"https:\/\/agromt.news\/index.php?rest_route=\/wp\/v2\/media\/8352"}],"wp:attachment":[{"href":"https:\/\/agromt.news\/index.php?rest_route=%2Fwp%2Fv2%2Fmedia&parent=8351"}],"wp:term":[{"taxonomy":"category","embeddable":true,"href":"https:\/\/agromt.news\/index.php?rest_route=%2Fwp%2Fv2%2Fcategories&post=8351"},{"taxonomy":"post_tag","embeddable":true,"href":"https:\/\/agromt.news\/index.php?rest_route=%2Fwp%2Fv2%2Ftags&post=8351"}],"curies":[{"name":"wp","href":"https:\/\/api.w.org\/{rel}","templated":true}]}}