{"id":835,"date":"2024-08-27T08:04:30","date_gmt":"2024-08-27T12:04:30","guid":{"rendered":"https:\/\/agromt.news\/?p=835"},"modified":"2024-08-27T08:04:30","modified_gmt":"2024-08-27T12:04:30","slug":"colheita-de-milho-do-brasil-entra-na-reta-final-diz-patria-agronegocios","status":"publish","type":"post","link":"https:\/\/agromt.news\/?p=835","title":{"rendered":"Colheita de milho do Brasil entra na reta final, diz P\u00e1tria AgroNeg\u00f3cios"},"content":{"rendered":"<p> <br \/>\n<\/p>\n<div>\n<div class=\"materia\">\n<p><img decoding=\"async\" alt=\"Logotipo Reuters\" height=\"22\" src=\"https:\/\/cdn.noticiasagricolas.com.br\/dbimagens\/0f687b0f35da9d220b6477534ce7c667.gif\" width=\"71\"\/><\/p>\n<p><img decoding=\"async\" alt=\"\" src=\"https:\/\/rmb.reuters.com\/rmd\/rss\/content\/tag:reuters.com,2024:newsml_LYNXMPEK7M0RU:1\/tag:reuters.com,2024:binary_LYNXMPEK7M0RU-VIEWIMAGE\"\/>S\u00c3O PAULO (Reuters) &#8211; A colheita da segunda safra brasileira atingiu 94,2% da \u00e1rea total cultivada na safra 2023\/24, entrando na reta final \u00e0 frente dos \u00edndices registrados nos \u00faltimos anos, em meio ao tempo seco e um plantio precoce, de acordo com levantamento da consultoria P\u00e1tria AgroNeg\u00f3cios.<\/p>\n<p>Em 2023, nesta \u00e9poca, o total colhido chegava a 82,76%, em 2022 era de 89,22%, e na m\u00e9dia dos \u00faltimos cinco anos foi de 86,81% para este per\u00edodo do ano, segundo relat\u00f3rio divulgado nesta sexta-feira.<\/p>\n<p>&#8220;A colheita j\u00e1 em reta final, praticamente encerrada nos principais Estados produtores. Restam ainda \u00e1reas a serem colhidas principalmente nos Estados de Minas Gerais e S\u00e3o Paulo&#8221;, disse o diretor da consultoria Matheus Pereira, em nota.<\/p>\n<p>(Por Roberto Samora)<\/p>\n<\/div>\n<div class=\"grupo-whatsapp\">\nJ\u00e1 segue nosso Canal oficial no WhatsApp? <a href=\"https:\/\/bit.ly\/Canal_NA\" target=\"_blank\" rel=\"noopener\"><strong>Clique Aqui<\/strong><\/a> para receber em primeira m\u00e3o as principais not\u00edcias do agroneg\u00f3cio\n<\/div>\n<\/div>\n<p><script async defer src=\"https:\/\/connect.facebook.net\/en_US\/sdk.js\" type=\"3807ac3c290e4015e2b6b0f2-text\/javascript\"><\/script><script type=\"3807ac3c290e4015e2b6b0f2-text\/javascript\">\n  !function(f,b,e,v,n,t,s)\n  {if(f.fbq)return;n=f.fbq=function(){n.callMethod?\n    n.callMethod.apply(n,arguments):n.queue.push(arguments)};\n    if(!f._fbq)f._fbq=n;n.push=n;n.loaded=!0;n.version='2.0';\n    n.queue=[];t=b.createElement(e);t.async=!0;\n    t.src=v;s=b.getElementsByTagName(e)[0];\n    s.parentNode.insertBefore(t,s)}(window, document,'script',\n    'https:\/\/connect.facebook.net\/en_US\/fbevents.js');\n  fbq('init', '153495679422335');\n  fbq('track', 'PageView');\n<\/script><br \/>\n<br \/><br \/>\n<br \/><a href=\"https:\/\/www.noticiasagricolas.com.br\/noticias\/milho\/383550-colheita-de-milho-do-brasil-entra-na-reta-final-diz-patria-agronegocios.html\">Source link <\/a><\/p>\n","protected":false},"excerpt":{"rendered":"<p>S\u00c3O PAULO (Reuters) &#8211; A colheita da segunda safra brasileira atingiu 94,2% da \u00e1rea total cultivada na safra 2023\/24, entrando<\/p>\n","protected":false},"author":1,"featured_media":836,"comment_status":"open","ping_status":"open","sticky":false,"template":"","format":"standard","meta":{"_monsterinsights_skip_tracking":false,"_monsterinsights_sitenote_active":false,"_monsterinsights_sitenote_note":"","_monsterinsights_sitenote_category":0,"_uf_show_specific_survey":0,"_uf_disable_surveys":false,"footnotes":""},"categories":[8,1,14,16],"tags":[],"class_list":["post-835","post","type-post","status-publish","format-standard","has-post-thumbnail","hentry","category-agro","category-news","category-politica-agro","category-safra"],"_links":{"self":[{"href":"https:\/\/agromt.news\/index.php?rest_route=\/wp\/v2\/posts\/835"}],"collection":[{"href":"https:\/\/agromt.news\/index.php?rest_route=\/wp\/v2\/posts"}],"about":[{"href":"https:\/\/agromt.news\/index.php?rest_route=\/wp\/v2\/types\/post"}],"author":[{"embeddable":true,"href":"https:\/\/agromt.news\/index.php?rest_route=\/wp\/v2\/users\/1"}],"replies":[{"embeddable":true,"href":"https:\/\/agromt.news\/index.php?rest_route=%2Fwp%2Fv2%2Fcomments&post=835"}],"version-history":[{"count":0,"href":"https:\/\/agromt.news\/index.php?rest_route=\/wp\/v2\/posts\/835\/revisions"}],"wp:featuredmedia":[{"embeddable":true,"href":"https:\/\/agromt.news\/index.php?rest_route=\/wp\/v2\/media\/836"}],"wp:attachment":[{"href":"https:\/\/agromt.news\/index.php?rest_route=%2Fwp%2Fv2%2Fmedia&parent=835"}],"wp:term":[{"taxonomy":"category","embeddable":true,"href":"https:\/\/agromt.news\/index.php?rest_route=%2Fwp%2Fv2%2Fcategories&post=835"},{"taxonomy":"post_tag","embeddable":true,"href":"https:\/\/agromt.news\/index.php?rest_route=%2Fwp%2Fv2%2Ftags&post=835"}],"curies":[{"name":"wp","href":"https:\/\/api.w.org\/{rel}","templated":true}]}}