{"id":8349,"date":"2025-01-22T09:48:52","date_gmt":"2025-01-22T13:48:52","guid":{"rendered":"https:\/\/agromt.news\/?p=8349"},"modified":"2025-01-22T09:48:52","modified_gmt":"2025-01-22T13:48:52","slug":"governo-podera-intervir-nos-precos-dos-alimentos-diz-rui-costa","status":"publish","type":"post","link":"https:\/\/agromt.news\/?p=8349","title":{"rendered":"Governo poder\u00e1 intervir nos pre\u00e7os dos alimentos, diz Rui Costa"},"content":{"rendered":"<p> <br \/>\n<br \/><img decoding=\"async\" src=\"https:\/\/agromt.news\/wp-content\/uploads\/2025\/01\/Governo-podera-intervir-nos-precos-dos-alimentos-diz-Rui-Costa.jpg\" \/><\/p>\n<div>\n<p>O <strong><a href=\"https:\/\/www.canalrural.com.br\/tag\/ruicosta\/\">ministro da Casa Civil, Rui Costa<\/a><\/strong>, disse hoje (22), que o <strong><a href=\"https:\/\/www.canalrural.com.br\/tag\/governofederal\/\">Governo Federal<\/a><\/strong> buscar\u00e1 interven\u00e7\u00f5es para baratear os alimentos. Segundo ele, haver\u00e1 reuni\u00f5es com os minist\u00e9rios da Agricultura, do Desenvolvimento Agr\u00e1rio e da Fazenda sobre o assunto. Ele deu a declara\u00e7\u00e3o em entrevista ao programa Bom Dia, Ministro, do CanalGov, o ve\u00edculo institucional do governo.<\/p>\n<p>A infla\u00e7\u00e3o \u00e9 uma das grandes preocupa\u00e7\u00f5es do governo federal. O presidente <strong><a href=\"https:\/\/www.canalrural.com.br\/tag\/lula\/\">Luiz In\u00e1cio Lula da Silva (PT)<\/a><\/strong> teme que o aumento nos pre\u00e7os dos alimentos afete sua popularidade.<\/p>\n<p>Rui Costa afirmou que haver\u00e1 conversas com os outros minist\u00e9rios ligados ao tema dos alimentos \u201cpara buscar um conjunto de interven\u00e7\u00f5es que sinalizem para o barateamento dos alimentos\u201d. Ele tamb\u00e9m afirmou que haver\u00e1, no primeiro bimestre do ano, implementa\u00e7\u00e3o de medidas sugeridas pelos supermercados para tentar conter os pre\u00e7os.<\/p>\n<p>O ministro da Casa Civil afirmou que o clima atrapalhou a safra no ano passado, e que isso contribuiu para a infla\u00e7\u00e3o dos alimentos. Segundo ele, a expectativa \u00e9 de um aumento das principais safras neste ano, o que contribuiria para uma baixa nesses valores.<\/p>\n<blockquote class=\"wp-block-quote is-layout-flow wp-block-quote-is-layout-flow\">\n<p>\u201cN\u00e3o adianta o sal\u00e1rio subir se os pre\u00e7os sobem na mesma propor\u00e7\u00e3o\u201d, declarou Rui Costa. Ele afirmou que Lula tem dois compromissos principais, com a inclus\u00e3o social \u2013 o que inclui programas de assist\u00eancia, obras e outras a\u00e7\u00f5es \u2013 e o equil\u00edbrio fiscal. \u201cSe voc\u00ea n\u00e3o tem equil\u00edbrio fiscal, quem paga a conta mais cara s\u00e3o as pessoas mais pobres\u201d, afirmou.<\/p>\n<\/blockquote>\n<\/div>\n<div>\n<p>\u201cA qualquer tempo, a qualquer momento que se fa\u00e7a necess\u00e1rio, faremos o ajuste que precisar fazer para o compromisso fiscal. O governo s\u00f3 pode gastar aquilo que arrecada, se n\u00e3o gera infla\u00e7\u00e3o, gera expectativas ruins para o Pa\u00eds\u201d, disse o ministro da Casa Civil.<\/p>\n<p>O chefe da Casa Civil tamb\u00e9m mencionou cortes feitos pelo governo no passado. Rui Costa j\u00e1 havia dado declara\u00e7\u00f5es semelhantes sobre a pol\u00edtica fiscal na segunda-feira, 20, depois de uma reuni\u00e3o ministerial promovida por Lula em Bras\u00edlia. O Executivo tenta manter sob controle as expectativas do mercado financeiro sobre sua d\u00edvida. Deteriora\u00e7\u00f5es nas expectativas fazem a cota\u00e7\u00e3o do d\u00f3lar subir, por exemplo.<\/p>\n<\/p><\/div>\n<p><br \/>\n<br \/><a href=\"https:\/\/www.canalrural.com.br\/politica\/governo-podera-intervir-nos-precos-dos-alimentos-diz-rui-costa\/\">Source link <\/a><\/p>\n","protected":false},"excerpt":{"rendered":"<p>O ministro da Casa Civil, Rui Costa, disse hoje (22), que o Governo Federal buscar\u00e1 interven\u00e7\u00f5es para baratear os alimentos.<\/p>\n","protected":false},"author":1,"featured_media":8350,"comment_status":"open","ping_status":"open","sticky":false,"template":"","format":"standard","meta":{"_monsterinsights_skip_tracking":false,"_monsterinsights_sitenote_active":false,"_monsterinsights_sitenote_note":"","_monsterinsights_sitenote_category":0,"_uf_show_specific_survey":0,"_uf_disable_surveys":false,"footnotes":""},"categories":[1],"tags":[],"class_list":["post-8349","post","type-post","status-publish","format-standard","has-post-thumbnail","hentry","category-news"],"_links":{"self":[{"href":"https:\/\/agromt.news\/index.php?rest_route=\/wp\/v2\/posts\/8349"}],"collection":[{"href":"https:\/\/agromt.news\/index.php?rest_route=\/wp\/v2\/posts"}],"about":[{"href":"https:\/\/agromt.news\/index.php?rest_route=\/wp\/v2\/types\/post"}],"author":[{"embeddable":true,"href":"https:\/\/agromt.news\/index.php?rest_route=\/wp\/v2\/users\/1"}],"replies":[{"embeddable":true,"href":"https:\/\/agromt.news\/index.php?rest_route=%2Fwp%2Fv2%2Fcomments&post=8349"}],"version-history":[{"count":0,"href":"https:\/\/agromt.news\/index.php?rest_route=\/wp\/v2\/posts\/8349\/revisions"}],"wp:featuredmedia":[{"embeddable":true,"href":"https:\/\/agromt.news\/index.php?rest_route=\/wp\/v2\/media\/8350"}],"wp:attachment":[{"href":"https:\/\/agromt.news\/index.php?rest_route=%2Fwp%2Fv2%2Fmedia&parent=8349"}],"wp:term":[{"taxonomy":"category","embeddable":true,"href":"https:\/\/agromt.news\/index.php?rest_route=%2Fwp%2Fv2%2Fcategories&post=8349"},{"taxonomy":"post_tag","embeddable":true,"href":"https:\/\/agromt.news\/index.php?rest_route=%2Fwp%2Fv2%2Ftags&post=8349"}],"curies":[{"name":"wp","href":"https:\/\/api.w.org\/{rel}","templated":true}]}}