{"id":8347,"date":"2025-01-22T08:49:59","date_gmt":"2025-01-22T12:49:59","guid":{"rendered":"https:\/\/agromt.news\/?p=8347"},"modified":"2025-01-22T08:49:59","modified_gmt":"2025-01-22T12:49:59","slug":"desafios-e-tendencias-serao-debatidos-no-cana-summit-2025","status":"publish","type":"post","link":"https:\/\/agromt.news\/?p=8347","title":{"rendered":"desafios e tend\u00eancias ser\u00e3o debatidos no Cana Summit 2025"},"content":{"rendered":"<p> <br \/>\n<br \/><img decoding=\"async\" src=\"https:\/\/agromt.news\/wp-content\/uploads\/2025\/01\/desafios-e-tendencias-serao-debatidos-no-Cana-Summit-2025.jpg\" \/><\/p>\n<div>\n<p>A <strong><a href=\"https:\/\/www.canalrural.com.br\/tag\/orplana\/\">Organiza\u00e7\u00e3o das Associa\u00e7\u00f5es de Produtores de Cana-de-A\u00e7\u00facar do Brasil (Orplana) <\/a><\/strong>reuniu, ontem (21), em Ribeir\u00e3o Preto (SP), representantes de cooperativas e associa\u00e7\u00f5es canavieiras para avaliar os resultados do 1\u00ba Cana Summit, realizado em 2024, e planejar a segunda edi\u00e7\u00e3o do evento, marcada para os dias 2 e 3 de abril de 2025, em <strong><a href=\"https:\/\/www.canalrural.com.br\/nacional\/brasilia\/\">Bras\u00edlia (DF)<\/a><\/strong>.<\/p>\n<p>Durante o encontro, foram apresentados dados e informa\u00e7\u00f5es que ajudam a compreender a realidade dos produtores e a discutir as oportunidades e os desafios enfrentados pelo setor. O presidente da Orplana, Gustavo Rattes, destacou que o objetivo \u00e9 repetir os bons resultados do primeiro evento, com foco em estrat\u00e9gias que defendam os interesses dos produtores de cana.<\/p>\n<p>Entre as cooperativas participantes estavam Comigo, Coplana, Copercana, Coopercitrus e Coplacana. \u201cReunimos cinco cooperativas para ouvir seus desafios, necessidades e sugest\u00f5es, e entender como podemos melhorar o cen\u00e1rio geral dos produtores de cana\u201d, afirmou o CEO da Orplana, Jos\u00e9 Guilherme Nogueira.<\/p>\n<h2 class=\"wp-block-heading\" id=\"h-desafios-e-oportunidades-do-setor\">Desafios e oportunidades do setor<\/h2>\n<p>Durante o encontro, os representantes das cooperativas apontaram os principais desafios para os pr\u00f3ximos dois anos, incluindo:<\/p>\n<ul class=\"wp-block-list\">\n<li>Necessidade de pesquisas para controle de pragas e doen\u00e7as;<\/li>\n<li>Preven\u00e7\u00e3o e combate a inc\u00eandios;<\/li>\n<li>Estudos sobre novas variedades de cana e manejo;<\/li>\n<li>Alta dos juros e acesso a cr\u00e9dito;<\/li>\n<li>Uso de tecnologias para redu\u00e7\u00e3o de custos;<\/li>\n<li>Demanda por m\u00e3o de obra t\u00e9cnica e qualificada;<\/li>\n<li>Implementa\u00e7\u00e3o de pacotes tecnol\u00f3gicos e sucess\u00e3o no campo<\/li>\n<\/ul>\n<blockquote class=\"wp-block-quote is-layout-flow wp-block-quote-is-layout-flow\">\n<p>\u201cO encontro de hoje \u00e9 um passo crucial para fortalecer a uni\u00e3o das cooperativas e associa\u00e7\u00f5es. A troca de experi\u00eancias e o alinhamento das estrat\u00e9gias s\u00e3o fundamentais para enfrentarmos os desafios do setor com mais for\u00e7a e assertividade. Nosso foco \u00e9 trabalhar juntos, com o objetivo comum de garantir um futuro sustent\u00e1vel e competitivo para os produtores de cana-de-a\u00e7\u00facar do Brasil\u201d, concluiu Nogueira.<\/p>\n<\/blockquote>\n<\/div>\n<div>\n<h2 class=\"wp-block-heading\" id=\"h-cana-summit-2025-foco-no-futuro-do-setor\">Cana Summit 2025: foco no futuro do setor<\/h2>\n<p>Com o objetivo de envolver todos os elos da cadeia produtiva, o 2\u00ba Cana Summit abordar\u00e1 temas relevantes para o futuro da produ\u00e7\u00e3o de <strong><a href=\"https:\/\/www.canalrural.com.br\/tag\/cana-de-a%C3%A7%C3%BAcar\/\">cana-de-a\u00e7\u00facar<\/a><\/strong> e do setor sucroenerg\u00e9tico. Pol\u00edticas p\u00fablicas, perspectivas de crescimento e desafios do setor estar\u00e3o no centro das discuss\u00f5es.<\/p>\n<p>Nos \u00faltimos anos, o setor sucroenerg\u00e9tico tem crescido significativamente, impulsionado pela alta demanda por fontes de energia limpa e renov\u00e1vel. A cana-de-a\u00e7\u00facar tem se destacado como um dos pilares dessa transi\u00e7\u00e3o energ\u00e9tica global, com grande potencial para a produ\u00e7\u00e3o de bioeletricidade e biocombust\u00edveis.<\/p>\n<p>O evento pioneiro refor\u00e7a sua miss\u00e3o de analisar o status das pol\u00edticas p\u00fablicas que envolvem a produ\u00e7\u00e3o canavieira e apresentar tend\u00eancias e inova\u00e7\u00f5es do setor.<\/p>\n<p>Com a participa\u00e7\u00e3o de l\u00edderes pol\u00edticos, especialistas e representantes do setor produtivo, o evento busca promover um di\u00e1logo eficaz, fortalecendo a cadeia canavieira e incentivando o desenvolvimento sustent\u00e1vel. Entre os principais temas a serem debatidos est\u00e3o:<\/p>\n<ul class=\"wp-block-list\">\n<li>M\u00e3o de obra e qualifica\u00e7\u00e3o;<\/li>\n<li>Produtividade e sustentabilidade;<\/li>\n<li>Uso de ativos e sistemas de informa\u00e7\u00e3o;<\/li>\n<li>Estrat\u00e9gias para enfrentar os desafios do mercado global<\/li>\n<\/ul>\n<p>O Cana Summit \u00e9 realizado pela Orplana e refor\u00e7a o compromisso com a promo\u00e7\u00e3o do setor sucroenerg\u00e9tico como protagonista da transi\u00e7\u00e3o para uma economia de baixo carbono.<\/p>\n<\/p><\/div>\n<p><br \/>\n<br \/><a href=\"https:\/\/www.canalrural.com.br\/agricultura\/cana-de-acucar-desafios-e-tendencias-serao-debatidos-no-cana-summit-2025\/\">Source link <\/a><\/p>\n","protected":false},"excerpt":{"rendered":"<p>A Organiza\u00e7\u00e3o das Associa\u00e7\u00f5es de Produtores de Cana-de-A\u00e7\u00facar do Brasil (Orplana) reuniu, ontem (21), em Ribeir\u00e3o Preto (SP), representantes de<\/p>\n","protected":false},"author":1,"featured_media":8348,"comment_status":"open","ping_status":"open","sticky":false,"template":"","format":"standard","meta":{"_monsterinsights_skip_tracking":false,"_monsterinsights_sitenote_active":false,"_monsterinsights_sitenote_note":"","_monsterinsights_sitenote_category":0,"_uf_show_specific_survey":0,"_uf_disable_surveys":false,"footnotes":""},"categories":[1],"tags":[],"class_list":["post-8347","post","type-post","status-publish","format-standard","has-post-thumbnail","hentry","category-news"],"_links":{"self":[{"href":"https:\/\/agromt.news\/index.php?rest_route=\/wp\/v2\/posts\/8347"}],"collection":[{"href":"https:\/\/agromt.news\/index.php?rest_route=\/wp\/v2\/posts"}],"about":[{"href":"https:\/\/agromt.news\/index.php?rest_route=\/wp\/v2\/types\/post"}],"author":[{"embeddable":true,"href":"https:\/\/agromt.news\/index.php?rest_route=\/wp\/v2\/users\/1"}],"replies":[{"embeddable":true,"href":"https:\/\/agromt.news\/index.php?rest_route=%2Fwp%2Fv2%2Fcomments&post=8347"}],"version-history":[{"count":0,"href":"https:\/\/agromt.news\/index.php?rest_route=\/wp\/v2\/posts\/8347\/revisions"}],"wp:featuredmedia":[{"embeddable":true,"href":"https:\/\/agromt.news\/index.php?rest_route=\/wp\/v2\/media\/8348"}],"wp:attachment":[{"href":"https:\/\/agromt.news\/index.php?rest_route=%2Fwp%2Fv2%2Fmedia&parent=8347"}],"wp:term":[{"taxonomy":"category","embeddable":true,"href":"https:\/\/agromt.news\/index.php?rest_route=%2Fwp%2Fv2%2Fcategories&post=8347"},{"taxonomy":"post_tag","embeddable":true,"href":"https:\/\/agromt.news\/index.php?rest_route=%2Fwp%2Fv2%2Ftags&post=8347"}],"curies":[{"name":"wp","href":"https:\/\/api.w.org\/{rel}","templated":true}]}}